{"id":157160,"date":"2025-11-19T01:20:24","date_gmt":"2025-11-19T01:20:24","guid":{"rendered":"https:\/\/www.europesays.com\/pt\/157160\/"},"modified":"2025-11-19T01:20:24","modified_gmt":"2025-11-19T01:20:24","slug":"gatos-bravos-europeus-podem-voltar-a-inglaterra-ao-fim-de-mais-de-um-seculo","status":"publish","type":"post","link":"https:\/\/www.europesays.com\/pt\/157160\/","title":{"rendered":"Gatos-bravos europeus podem voltar a Inglaterra ao fim de mais de um s\u00e9culo"},"content":{"rendered":"<p><b>Acompanhe toda a atualidade informativa em\u00a0<\/b><a href=\"http:\/\/24noticias.sapo.pt\/\" rel=\"nofollow noopener\" target=\"_blank\"><b>24noticias.sapo.pt<\/b><\/a><\/p>\n<p>A possibilidade de ver gatos-bravos europeus a percorrerem o sudoeste de Inglaterra avan\u00e7ou significativamente, ap\u00f3s um estudo de dois anos concluir que a reintrodu\u00e7\u00e3o da esp\u00e9cie \u00e9 vi\u00e1vel \u2013 e que a maior parte da popula\u00e7\u00e3o local se mostra favor\u00e1vel \u00e0 ideia, conta o <a href=\"https:\/\/www.theguardian.com\/environment\/2025\/nov\/18\/european-wildcats-could-be-seen-again-in-england-for-first-time-in-100-years\" target=\"_blank\" rel=\"noreferrer noopener nofollow\">The Guardian<\/a>.<\/p>\n<p>Ausentes da regi\u00e3o h\u00e1 mais de cem anos, os gatos-bravos encontram em Devon central o tipo de habitat necess\u00e1rio para sustentar uma popula\u00e7\u00e3o de Felis silvestris. A \u00e1rea combina bosques que fornecem abrigo e locais de nidifica\u00e7\u00e3o com pastagens e matagais de baixa intensidade, ideais para a ca\u00e7a.<\/p>\n<p>O estudo refere que os gatos-bravos n\u00e3o representam perigo para humanos, animais dom\u00e9sticos ou gado. O plano prev\u00ea a liberta\u00e7\u00e3o controlada de entre 40 e 50 indiv\u00edduos, mas n\u00e3o antes de 2027.<\/p>\n<p>Existem, contudo, alguns desafios. A hibrida\u00e7\u00e3o entre gatos-bravos e gatos dom\u00e9sticos \u00e9 um problema em popula\u00e7\u00f5es escocesas, colocando em risco a integridade gen\u00e9tica da esp\u00e9cie. Para que a reintrodu\u00e7\u00e3o no sudoeste seja bem-sucedida, ser\u00e1 necess\u00e1ria coopera\u00e7\u00e3o com as comunidades locais e organiza\u00e7\u00f5es de bem-estar animal, de modo a apoiar um programa de esteriliza\u00e7\u00e3o de gatos dom\u00e9sticos.<\/p>\n<p>A investiga\u00e7\u00e3o foi conduzida pelo South West Wildcat Project \u2013 uma parceria liderada pelo Devon Wildlife Trust que inclui a Forestry England e a Derek Gow Consultancy. O estudo analisou os efeitos sobre pessoas, comunidades, outros animais selvagens, gado e animais dom\u00e9sticos, bem como a sustentabilidade a longo prazo de uma popula\u00e7\u00e3o de gatos-bravos ap\u00f3s a reintrodu\u00e7\u00e3o.<\/p>\n<p>Historicamente conhecidos tamb\u00e9m como \u201cgatos-do-mato\u201d, os gatos-bravos europeus eram comuns no sudoeste de Inglaterra. S\u00e9culos de persegui\u00e7\u00e3o, aliados \u00e0 perda e fragmenta\u00e7\u00e3o do habitat, resultaram na sua extin\u00e7\u00e3o local. Os \u00faltimos gatos-bravos da regi\u00e3o teriam sobrevivido em Exmoor at\u00e9 meados do s\u00e9culo XIX.<\/p>\n<p>Atualmente, os \u00fanicos gatos-bravos selvagens do Reino Unido residem nas Highlands da Esc\u00f3cia. Apesar de terem obtido estatuto de prote\u00e7\u00e3o em 1988, a esp\u00e9cie est\u00e1 agora em risco de extin\u00e7\u00e3o, com apenas cerca de 115 indiv\u00edduos em liberdade.<\/p>\n<p>___<\/p>\n<p><strong>A sua newsletter de sempre, agora ainda mais \u00fatil<\/strong><\/p>\n<p>Com o lan\u00e7amento da nova marca de informa\u00e7\u00e3o 24not\u00edcias, estamos a mudar a plataforma de newsletters, aproveitando para refor\u00e7ar a informa\u00e7\u00e3o que os leitores mais valorizam:<strong> a que lhes \u00e9 \u00fatil, ajuda a tomar decis\u00f5es e a entender o mundo.<\/strong><\/p>\n<p><strong>Assine a nova newsletter do 24not\u00edcias <a href=\"https:\/\/sapo.us1.list-manage.com\/subscribe?u=8f49263740b14ab5854be8045&amp;id=57a39c5e8f\" target=\"_blank\" rel=\"noreferrer noopener nofollow\">aqui<\/a>.<\/strong><\/p>\n","protected":false},"excerpt":{"rendered":"Acompanhe toda a atualidade informativa em\u00a024noticias.sapo.pt A possibilidade de ver gatos-bravos europeus a percorrerem o sudoeste de Inglaterra&hellip;\n","protected":false},"author":2,"featured_media":157161,"comment_status":"","ping_status":"","sticky":false,"template":"","format":"standard","meta":{"footnotes":""},"categories":[50],"tags":[27,28,15,16,14,25,26,21,22,62,12,13,19,20,23,24,17,18,29,30,31,63,64,65],"class_list":{"0":"post-157160","1":"post","2":"type-post","3":"status-publish","4":"format-standard","5":"has-post-thumbnail","7":"category-mundo","8":"tag-breaking-news","9":"tag-breakingnews","10":"tag-featured-news","11":"tag-featurednews","12":"tag-headlines","13":"tag-latest-news","14":"tag-latestnews","15":"tag-main-news","16":"tag-mainnews","17":"tag-mundo","18":"tag-news","19":"tag-noticias","20":"tag-noticias-principais","21":"tag-noticiasprincipais","22":"tag-principais-noticias","23":"tag-principaisnoticias","24":"tag-top-stories","25":"tag-topstories","26":"tag-ultimas","27":"tag-ultimas-noticias","28":"tag-ultimasnoticias","29":"tag-world","30":"tag-world-news","31":"tag-worldnews"},"share_on_mastodon":{"url":"https:\/\/pubeurope.com\/@pt\/115573740369838676","error":""},"_links":{"self":[{"href":"https:\/\/www.europesays.com\/pt\/wp-json\/wp\/v2\/posts\/157160","targetHints":{"allow":["GET"]}}],"collection":[{"href":"https:\/\/www.europesays.com\/pt\/wp-json\/wp\/v2\/posts"}],"about":[{"href":"https:\/\/www.europesays.com\/pt\/wp-json\/wp\/v2\/types\/post"}],"author":[{"embeddable":true,"href":"https:\/\/www.europesays.com\/pt\/wp-json\/wp\/v2\/users\/2"}],"replies":[{"embeddable":true,"href":"https:\/\/www.europesays.com\/pt\/wp-json\/wp\/v2\/comments?post=157160"}],"version-history":[{"count":0,"href":"https:\/\/www.europesays.com\/pt\/wp-json\/wp\/v2\/posts\/157160\/revisions"}],"wp:featuredmedia":[{"embeddable":true,"href":"https:\/\/www.europesays.com\/pt\/wp-json\/wp\/v2\/media\/157161"}],"wp:attachment":[{"href":"https:\/\/www.europesays.com\/pt\/wp-json\/wp\/v2\/media?parent=157160"}],"wp:term":[{"taxonomy":"category","embeddable":true,"href":"https:\/\/www.europesays.com\/pt\/wp-json\/wp\/v2\/categories?post=157160"},{"taxonomy":"post_tag","embeddable":true,"href":"https:\/\/www.europesays.com\/pt\/wp-json\/wp\/v2\/tags?post=157160"}],"curies":[{"name":"wp","href":"https:\/\/api.w.org\/{rel}","templated":true}]}}