{"id":157184,"date":"2025-11-19T01:47:16","date_gmt":"2025-11-19T01:47:16","guid":{"rendered":"https:\/\/www.europesays.com\/pt\/157184\/"},"modified":"2025-11-19T01:47:16","modified_gmt":"2025-11-19T01:47:16","slug":"a-noite-foi-brava-por-aqui-veja-o-que-aconteceu-a-casa-luxuosa-de-ines-simoes","status":"publish","type":"post","link":"https:\/\/www.europesays.com\/pt\/157184\/","title":{"rendered":"&#8220;A noite foi brava por aqui!&#8221;: veja o que aconteceu \u00e0 casa luxuosa de In\u00eas Sim\u00f5es!"},"content":{"rendered":"<p>O tempo rigoroso tem assolado Portugal de norte a sul e <a href=\"https:\/\/selfie.iol.pt\/famosos\/mickael-carreira\/depressao-claudia-casa-de-luxo-de-laura-figueiredo-e-mickael-carreira-inundada\/20251114\/69171d82d34e2bd5c6d3ff60\" target=\"_blank\" rel=\"nofollow noopener\">alguns famosos<\/a> n\u00e3o escaparam \u00e0s consequ\u00eancias dos dias de vento e chuva.<\/p>\n<p>Por exemplo, <a href=\"https:\/\/selfie.iol.pt\/famosos\/big-brother\/apos-abrir-portas-de-casa-luxuosa-ines-simoes-desabafa-nao-resultou\/20251019\/68f49565d34ee0c2fed16aad\" target=\"_blank\" rel=\"nofollow noopener\">In\u00eas Sim\u00f5es<\/a> recorreu ao Instagram para mostrar como o mau tempo acabou por atingir a respetiva casa na noite de domingo para segunda-feira.<\/p>\n<p>Numa imagem, a comentadora de reality shows da <a href=\"https:\/\/tvi.iol.pt\/\" target=\"_blank\" rel=\"nofollow noopener\">TVI<\/a> mostrou o espa\u00e7o exterior, com alguma espregui\u00e7adeiras fora do lugar.<\/p>\n<p>&#8220;A noite foi brava por aqui!&#8221;, exclamou In\u00eas Sim\u00f5es na legenda do registo.<\/p>\n<p>Recorde-se que foi no passado m\u00eas de agosto que <a href=\"https:\/\/selfie.iol.pt\/fotos\/entre-na-luxuosa-casa-de-ines-simoes\/68b1c401d34ef72ee449f2c0\" target=\"_blank\" rel=\"nofollow noopener\">a comunicadora apresentou a respetiva casa luxuosa, &#8220;com vista para o mar&#8221;.<\/a><\/p>\n<p>Veja, agora, algumas das melhores imagens da casa de In\u00eas Sim\u00f5es na galeria de fotografias que prepar\u00e1mos para si.<\/p>\n<p><img decoding=\"async\" alt=\"\" onclick=\"\" src=\"https:\/\/www.europesays.com\/pt\/wp-content\/uploads\/2025\/11\/1763516836_767_1024.jpeg\" title=\"In\u00eas Sim\u00f5es\"\/><\/p>\n","protected":false},"excerpt":{"rendered":"O tempo rigoroso tem assolado Portugal de norte a sul e alguns famosos n\u00e3o escaparam \u00e0s consequ\u00eancias dos&hellip;\n","protected":false},"author":2,"featured_media":157185,"comment_status":"","ping_status":"","sticky":false,"template":"","format":"standard","meta":{"footnotes":""},"categories":[85],"tags":[2019,114,115,980,8351,1015,619,32,33,1012,162],"class_list":{"0":"post-157184","1":"post","2":"type-post","3":"status-publish","4":"format-standard","5":"has-post-thumbnail","7":"category-entretenimento","8":"tag-casa","9":"tag-entertainment","10":"tag-entretenimento","11":"tag-famosos","12":"tag-ines-simoes","13":"tag-instagram","14":"tag-nacional","15":"tag-portugal","16":"tag-pt","17":"tag-selfie","18":"tag-tvi"},"share_on_mastodon":{"url":"https:\/\/pubeurope.com\/@pt\/115573846570681943","error":""},"_links":{"self":[{"href":"https:\/\/www.europesays.com\/pt\/wp-json\/wp\/v2\/posts\/157184","targetHints":{"allow":["GET"]}}],"collection":[{"href":"https:\/\/www.europesays.com\/pt\/wp-json\/wp\/v2\/posts"}],"about":[{"href":"https:\/\/www.europesays.com\/pt\/wp-json\/wp\/v2\/types\/post"}],"author":[{"embeddable":true,"href":"https:\/\/www.europesays.com\/pt\/wp-json\/wp\/v2\/users\/2"}],"replies":[{"embeddable":true,"href":"https:\/\/www.europesays.com\/pt\/wp-json\/wp\/v2\/comments?post=157184"}],"version-history":[{"count":0,"href":"https:\/\/www.europesays.com\/pt\/wp-json\/wp\/v2\/posts\/157184\/revisions"}],"wp:featuredmedia":[{"embeddable":true,"href":"https:\/\/www.europesays.com\/pt\/wp-json\/wp\/v2\/media\/157185"}],"wp:attachment":[{"href":"https:\/\/www.europesays.com\/pt\/wp-json\/wp\/v2\/media?parent=157184"}],"wp:term":[{"taxonomy":"category","embeddable":true,"href":"https:\/\/www.europesays.com\/pt\/wp-json\/wp\/v2\/categories?post=157184"},{"taxonomy":"post_tag","embeddable":true,"href":"https:\/\/www.europesays.com\/pt\/wp-json\/wp\/v2\/tags?post=157184"}],"curies":[{"name":"wp","href":"https:\/\/api.w.org\/{rel}","templated":true}]}}