{"id":157206,"date":"2025-11-19T02:20:26","date_gmt":"2025-11-19T02:20:26","guid":{"rendered":"https:\/\/www.europesays.com\/pt\/157206\/"},"modified":"2025-11-19T02:20:26","modified_gmt":"2025-11-19T02:20:26","slug":"martinez-admite-levar-paulinho-andre-silva-ou-fabio-silva-ao-mundial","status":"publish","type":"post","link":"https:\/\/www.europesays.com\/pt\/157206\/","title":{"rendered":"Mart\u00ednez admite levar Paulinho, Andr\u00e9 Silva ou F\u00e1bio Silva ao Mundial"},"content":{"rendered":"<p style=\"margin-bottom:11px\">O selecionador nacional, Roberto Mart\u00ednez, revelou que tem tr\u00eas avan\u00e7ados debaixo de olho para o Mundial 2026, se a FIFA confirmar que as convocat\u00f3rias ser\u00e3o de 26 jogadores.<\/p>\n<p>\u00abTemos presentemente tr\u00eas op\u00e7\u00f5es \u2013 o Paulinho, que est\u00e1 a ser muito constante e est\u00e1 a jogar muito bem, o Andr\u00e9 Silva, que est\u00e1 a fazer muito boa temporada no Elche, e temos o F\u00e1bio Silva, que est\u00e1 no Dortmund e j\u00e1 esteve com a Sele\u00e7\u00e3o\u00bb, disse o t\u00e9cnico espanhol, em resposta a quest\u00f5es colocadas pelos convidados, respons\u00e1veis e dirigentes ligados a empresas e associados do International Club of Portugal, num almo\u00e7o-debate em Lisboa.<\/p>\n<p>Mart\u00ednez explicou ainda que este trio poder\u00e1 ambicionar uma convocat\u00f3ria at\u00e9 20 de mar\u00e7o, altura em que come\u00e7ar\u00e1 a reduzir o lote de convoc\u00e1veis para a fase final, nos EUA.<\/p>\n<p>O selecionador nacional garantiu tamb\u00e9m que \u00e9 \u00abneutro\u00bb nas escolhas, negando ter algum constrangimento em utilizar jogadores do Sporting, nomeadamente Pedro Gon\u00e7alves, Francisco Trinc\u00e3o e Geovany Quenda.<\/p>\n<p>\u00abVou ser muito honesto, pois isso \u00e9 uma cr\u00edtica que \u00e9 mentira: ouvi que o selecionador n\u00e3o gosta de jogadores do Sporting, mas o selecionador \u00e9 neutro. O selecionador nasceu em Espanha, trabalhou em Inglaterra e nos \u00faltimos sete anos trabalhou na B\u00e9lgica, n\u00e3o tem camisola, n\u00e3o tem passado [em Portugal], toma decis\u00f5es para ganhar jogos e nunca condiciona os minutos de um jogador, condiciona a chamada\u00bb,\u00a0explicou.<\/p>\n","protected":false},"excerpt":{"rendered":"O selecionador nacional, Roberto Mart\u00ednez, revelou que tem tr\u00eas avan\u00e7ados debaixo de olho para o Mundial 2026, se&hellip;\n","protected":false},"author":2,"featured_media":157207,"comment_status":"","ping_status":"","sticky":false,"template":"","format":"standard","meta":{"footnotes":""},"categories":[87],"tags":[4956,135,7164,46,5429,32,33,47,12996,4338,5420,16170,34,134],"class_list":{"0":"post-157206","1":"post","2":"type-post","3":"status-publish","4":"format-standard","5":"has-post-thumbnail","7":"category-desporto","8":"tag-andre-silva","9":"tag-desporto","10":"tag-fabio-silva","11":"tag-maisfutebol","12":"tag-paulinho","13":"tag-portugal","14":"tag-pt","15":"tag-pura-paixao","16":"tag-roberto-martinez","17":"tag-selecao","18":"tag-selecao-nacional","19":"tag-selecao-portuguesa","20":"tag-sporting","21":"tag-sports"},"share_on_mastodon":{"url":"https:\/\/pubeurope.com\/@pt\/115573976136682013","error":""},"_links":{"self":[{"href":"https:\/\/www.europesays.com\/pt\/wp-json\/wp\/v2\/posts\/157206","targetHints":{"allow":["GET"]}}],"collection":[{"href":"https:\/\/www.europesays.com\/pt\/wp-json\/wp\/v2\/posts"}],"about":[{"href":"https:\/\/www.europesays.com\/pt\/wp-json\/wp\/v2\/types\/post"}],"author":[{"embeddable":true,"href":"https:\/\/www.europesays.com\/pt\/wp-json\/wp\/v2\/users\/2"}],"replies":[{"embeddable":true,"href":"https:\/\/www.europesays.com\/pt\/wp-json\/wp\/v2\/comments?post=157206"}],"version-history":[{"count":0,"href":"https:\/\/www.europesays.com\/pt\/wp-json\/wp\/v2\/posts\/157206\/revisions"}],"wp:featuredmedia":[{"embeddable":true,"href":"https:\/\/www.europesays.com\/pt\/wp-json\/wp\/v2\/media\/157207"}],"wp:attachment":[{"href":"https:\/\/www.europesays.com\/pt\/wp-json\/wp\/v2\/media?parent=157206"}],"wp:term":[{"taxonomy":"category","embeddable":true,"href":"https:\/\/www.europesays.com\/pt\/wp-json\/wp\/v2\/categories?post=157206"},{"taxonomy":"post_tag","embeddable":true,"href":"https:\/\/www.europesays.com\/pt\/wp-json\/wp\/v2\/tags?post=157206"}],"curies":[{"name":"wp","href":"https:\/\/api.w.org\/{rel}","templated":true}]}}