{"id":15721,"date":"2025-08-04T15:18:07","date_gmt":"2025-08-04T15:18:07","guid":{"rendered":"https:\/\/www.europesays.com\/pt\/15721\/"},"modified":"2025-08-04T15:18:07","modified_gmt":"2025-08-04T15:18:07","slug":"cinco-anos-depois-da-explosao-no-porto-de-beirute-nao-ha-culpados-mas-ha-esperanca-explosao-em-beirute","status":"publish","type":"post","link":"https:\/\/www.europesays.com\/pt\/15721\/","title":{"rendered":"Cinco anos depois da explos\u00e3o no porto de Beirute, n\u00e3o h\u00e1 culpados, mas h\u00e1 esperan\u00e7a | Explos\u00e3o em Beirute"},"content":{"rendered":"<p>O Presidente do L\u00edbano, Joseph Aoun, reafirmou nesta segunda-feira, coincidindo com o quinto anivers\u00e1rio da <a href=\"https:\/\/www.publico.pt\/explosao-beirute\" rel=\"nofollow noopener\" target=\"_blank\">explos\u00e3o<\/a> no porto de Beirute que causou 235 mortos e mais de 7.000 feridos, o seu compromisso de esclarecer este \u201cgrave crime\u201d e levar os respons\u00e1veis, \u201csem excep\u00e7\u00e3o\u201d, \u00e0 justi\u00e7a.<\/p>\n<p>\u201cHoje, cinco anos ap\u00f3s esta trag\u00e9dia, apresentamo-nos perante as almas dos m\u00e1rtires, os feridos e suas fam\u00edlias, e de todos os libaneses, para afirmar que a justi\u00e7a n\u00e3o morrer\u00e1 e que a presta\u00e7\u00e3o de contas chegar\u00e1 inevitavelmente\u201d, afirmou Aoun em comunicado divulgado na conta da Presid\u00eancia libanesa na rede social X, no qual lamentou uma trag\u00e9dia que \u201cdestruiu bairros inteiros da nossa querida capital&#8221;.<\/p>\n<p>Aoun, que se referiu a um dia \u201cdoloroso\u201d, garantiu que \u201co Estado liban\u00eas, com todas as suas institui\u00e7\u00f5es, se compromete a esclarecer toda a verdade, independentemente dos obst\u00e1culos\u201d, ao mesmo tempo que defendeu que \u201ca justi\u00e7a n\u00e3o conhece excep\u00e7\u00f5es e a lei se aplica a todos sem discrimina\u00e7\u00e3o\u201d.<\/p>\n<p>O processo judicial est\u00e1 paralisado desde Fevereiro de 2023 devido a interfer\u00eancias pol\u00edticas e recursos interpostos <a href=\"https:\/\/www.publico.pt\/2023\/01\/25\/mundo\/noticia\/procuradorgeral-processa-juiz-acusou-investigacao-explosao-porto-beirute-2036448\" rel=\"nofollow noopener\" target=\"_blank\">contra o juiz Tarek Bitar<\/a>, que denunciou o envolvimento de pol\u00edticos como os ex-ministros das Obras P\u00fablicas e Transportes Ghazi Zeaiter e Yusef Fenianos e o ex-ministro do Interior Nohad Machnuk.<\/p>\n<p>O Presidente liban\u00eas \u2014 eleito pelo Parlamento em Janeiro de 2025, ap\u00f3s mais de dois anos de vaga no cargo \u2014 acrescentou: \u201cDesde que assumi as minhas responsabilidades constitucionais, prometi ao povo liban\u00eas que exigir responsabilidades aos respons\u00e1veis por este grave crime seria uma prioridade absoluta e que ningu\u00e9m cuja neglig\u00eancia, incumprimento do dever ou corrup\u00e7\u00e3o causasse esta cat\u00e1strofe humanit\u00e1ria escaparia ao castigo.\u201d<\/p>\n<p>Para isso, \u201ctrabalhamos com todos os meios dispon\u00edveis para garantir que as investiga\u00e7\u00f5es sejam conclu\u00eddas com transpar\u00eancia\u201d. E, \u201ccom integridade\u201d, prometeu que iria continuar a pressionar \u201cas autoridades competentes para que levem todos os respons\u00e1veis \u00e0 justi\u00e7a, independentemente do seu cargo ou filia\u00e7\u00e3o\u201d.<\/p>\n<p>Aoun aproveitou ainda para destacar \u201ca not\u00e1vel solidariedade\u201d dos libaneses e o \u201cesp\u00edrito nacional que se manifestou nos momentos mais dif\u00edceis, quando <a href=\"https:\/\/www.publico.pt\/2020\/08\/23\/mundo\/reportagem\/governo-nao-faz-fazemos-1928966\" rel=\"nofollow noopener\" target=\"_blank\">muitos se apressaram a ajudar<\/a> os feridos, a retirar os escombros, a atender aqueles que ficaram em ru\u00ednas e, finalmente, a amenizar os efeitos deste grave desastre\u201d.<\/p>\n<p>Por isso, apelou a este \u201cesp\u00edrito de solidariedade\u201d para ajudar a \u201creconstruir\u201d o L\u00edbano, \u201ccom base na justi\u00e7a, transpar\u00eancia e responsabiliza\u00e7\u00e3o\u201d.<\/p>\n<p>A explos\u00e3o de 4 de Agosto de 2020 ocorreu quando um inc\u00eandio atingiu uma grande quantidade de fertilizante de nitrato de am\u00f3nio que estava <a href=\"https:\/\/www.publico.pt\/2020\/08\/08\/mundo\/noticia\/explosivo-beirute-encomenda-nao-chegou-empresa-portuguesa-1927527\" rel=\"nofollow noopener\" target=\"_blank\">armazenado<\/a> sem as medidas de seguran\u00e7a necess\u00e1rias no porto de Beirute desde 2013. A explos\u00e3o (a maior explos\u00e3o n\u00e3o-nuclear na hist\u00f3ria da humanidade) causou 235 mortos, mais de 7000 feridos e destruiu bairros inteiros da capital libanesa.<\/p>\n<p>Situa\u00e7\u00e3o a mudar<\/p>\n<p>A investiga\u00e7\u00e3o do caso enfrentou obstru\u00e7\u00f5es pol\u00edticas desde a primeira hora. O primeiro juiz encarregado do caso, Fadi Sawan, foi destitu\u00eddo no in\u00edcio de 2021 ap\u00f3s acusar dois ex-ministros \u2013 Ali Hassan Khalil e Ghazi Zeaiter \u2013, ambos aliados pr\u00f3ximos de figuras pol\u00edticas poderosas.<\/p>\n<p>Apesar da enorme press\u00e3o, o sucessor no cargo, o juiz Tarek Bitar, mostrou determina\u00e7\u00e3o em prosseguir na mesma linha, mantendo as acusa\u00e7\u00f5es e emitindo mandados de pris\u00e3o para v\u00e1rios pol\u00edticos, funcion\u00e1rios e empregados portu\u00e1rios.<\/p>\n<p>No entanto, os esfor\u00e7os de Bitar suscitaram uma resist\u00eancia feroz, particularmente por parte do Hezbollah e do Movimento Amal, que afirmam que a investiga\u00e7\u00e3o tem motiva\u00e7\u00f5es pol\u00edticas.<\/p>\n<p>        &#13;<\/p>\n<p>&#13;<br \/>\n                &#13;\n            <\/p>\n<p>&#13;<\/p>\n<p>Agora, parece haver sinais de que o processo pode sair da propositada letargia em que est\u00e1 metido desde Fevereiro de 2023. O juiz voltou a poder trabalhar no processo, ao fim de mais de dois anos de paragem for\u00e7ada.<\/p>\n<p>\u201cSente-se a atmosfera positiva\u201d, diz \u00e0 Al-Jazeera a advogada Tania Daoun-Alam, que actualmente reside nos Estados Unidos, mas est\u00e1 em Beirute para as cerim\u00f3nias oficiais que assinalam o quinto anivers\u00e1rio e incluem manifesta\u00e7\u00f5es de protesto e um memorial.<\/p>\n<p>\u201cO mais importante para n\u00f3s n\u00e3o \u00e9 a decis\u00e3o, mas que seja feita justi\u00e7a total\u201d, afirmou \u00e0 Al-Jazeera Tracy Naggear, m\u00e3e de Alexandra e activista importante na defesa das v\u00edtimas da explos\u00e3o. \u201cE n\u00e3o aceitaremos meias verdades ou meia justi\u00e7a.\u201d<\/p>\n<p>Reconstru\u00e7\u00e3o lenta<\/p>\n<p>Quem tamb\u00e9m tem sofrido de lentid\u00e3o exasperante \u00e9 a reconstru\u00e7\u00e3o dos bairros que a explos\u00e3o destruiu. Al\u00e9m da profunda crise econ\u00f3mica que o pa\u00eds atravessa e a tens\u00e3o entre o Hezbollah e Israel, a indefini\u00e7\u00e3o da justi\u00e7a para chegar a alguma conclus\u00e3o sobre os culpados deixou muitos processos de indemniza\u00e7\u00f5es das seguradoras num limbo.<\/p>\n<p>O dilema est\u00e1 relacionado sobretudo com a caracteriza\u00e7\u00e3o da explos\u00e3o, se foi acidental ou se foi um acto terrorista, algo que afecta substancialmente o valor das indemniza\u00e7\u00f5es. Sem decis\u00f5es, as compensa\u00e7\u00f5es est\u00e3o atrasadas e isso deixou muitos sem capacidade para proceder \u00e0 reconstru\u00e7\u00e3o.<\/p>\n<p>Incompet\u00eancia, corrup\u00e7\u00e3o e a falta de um plano de reconstru\u00e7\u00e3o coerente tamb\u00e9m contribu\u00edram para que as marcas da explos\u00e3o continuem a ser hoje uma fractura exposta na capital libanesa.<\/p>\n<p>Como escreve a RFI, em bairros como <a href=\"https:\/\/www.publico.pt\/2020\/08\/22\/mundo\/reportagem\/fim-mundo-beirute-1928932\" rel=\"nofollow noopener\" target=\"_blank\">Gemmayz\u00e9 <\/a>e Mar Mikhael, antes centros comerciais e culturais cheios de vida, a reconstru\u00e7\u00e3o tem sido espor\u00e1dica.<\/p>\n","protected":false},"excerpt":{"rendered":"O Presidente do L\u00edbano, Joseph Aoun, reafirmou nesta segunda-feira, coincidindo com o quinto anivers\u00e1rio da explos\u00e3o no porto&hellip;\n","protected":false},"author":2,"featured_media":15722,"comment_status":"","ping_status":"","sticky":false,"template":"","format":"standard","meta":{"footnotes":""},"categories":[50],"tags":[27,28,6201,15,16,14,25,26,1516,21,22,432,62,12,13,19,20,23,24,17,18,29,30,31,63,64,65],"class_list":{"0":"post-15721","1":"post","2":"type-post","3":"status-publish","4":"format-standard","5":"has-post-thumbnail","7":"category-mundo","8":"tag-breaking-news","9":"tag-breakingnews","10":"tag-explosao-em-beirute","11":"tag-featured-news","12":"tag-featurednews","13":"tag-headlines","14":"tag-latest-news","15":"tag-latestnews","16":"tag-libano","17":"tag-main-news","18":"tag-mainnews","19":"tag-medio-oriente","20":"tag-mundo","21":"tag-news","22":"tag-noticias","23":"tag-noticias-principais","24":"tag-noticiasprincipais","25":"tag-principais-noticias","26":"tag-principaisnoticias","27":"tag-top-stories","28":"tag-topstories","29":"tag-ultimas","30":"tag-ultimas-noticias","31":"tag-ultimasnoticias","32":"tag-world","33":"tag-world-news","34":"tag-worldnews"},"share_on_mastodon":{"url":"","error":""},"_links":{"self":[{"href":"https:\/\/www.europesays.com\/pt\/wp-json\/wp\/v2\/posts\/15721","targetHints":{"allow":["GET"]}}],"collection":[{"href":"https:\/\/www.europesays.com\/pt\/wp-json\/wp\/v2\/posts"}],"about":[{"href":"https:\/\/www.europesays.com\/pt\/wp-json\/wp\/v2\/types\/post"}],"author":[{"embeddable":true,"href":"https:\/\/www.europesays.com\/pt\/wp-json\/wp\/v2\/users\/2"}],"replies":[{"embeddable":true,"href":"https:\/\/www.europesays.com\/pt\/wp-json\/wp\/v2\/comments?post=15721"}],"version-history":[{"count":0,"href":"https:\/\/www.europesays.com\/pt\/wp-json\/wp\/v2\/posts\/15721\/revisions"}],"wp:featuredmedia":[{"embeddable":true,"href":"https:\/\/www.europesays.com\/pt\/wp-json\/wp\/v2\/media\/15722"}],"wp:attachment":[{"href":"https:\/\/www.europesays.com\/pt\/wp-json\/wp\/v2\/media?parent=15721"}],"wp:term":[{"taxonomy":"category","embeddable":true,"href":"https:\/\/www.europesays.com\/pt\/wp-json\/wp\/v2\/categories?post=15721"},{"taxonomy":"post_tag","embeddable":true,"href":"https:\/\/www.europesays.com\/pt\/wp-json\/wp\/v2\/tags?post=15721"}],"curies":[{"name":"wp","href":"https:\/\/api.w.org\/{rel}","templated":true}]}}