{"id":157210,"date":"2025-11-19T02:25:28","date_gmt":"2025-11-19T02:25:28","guid":{"rendered":"https:\/\/www.europesays.com\/pt\/157210\/"},"modified":"2025-11-19T02:25:28","modified_gmt":"2025-11-19T02:25:28","slug":"kremlin-garante-que-cacas-franceses-rafale-nao-vao-alterar-guerra","status":"publish","type":"post","link":"https:\/\/www.europesays.com\/pt\/157210\/","title":{"rendered":"Kremlin garante que ca\u00e7as franceses Rafale n\u00e3o v\u00e3o alterar guerra"},"content":{"rendered":"<p>&#8220;N\u00e3o importa que avi\u00f5es vendam ao regime de Kiev, isso n\u00e3o vai mudar a situa\u00e7\u00e3o na frente de batalha, n\u00e3o vai mudar a din\u00e2mica que vemos, n\u00e3o s\u00f3 n\u00f3s, mas tamb\u00e9m todos os especialistas militares do mundo&#8221;, afirmou o porta-voz presidencial, Dmitry Peskov, na sua confer\u00eancia de imprensa di\u00e1ria.<\/p>\n<p>O Presidente ucraniano, Volodymir Zelensky, assinou na segunda-feira um acordo para a compra de at\u00e9 100 Rafale \u00e0 Fran\u00e7a, al\u00e9m de sistemas de defesa a\u00e9rea e drones.<\/p>\n<p>O acordo, na forma de uma carta de inten\u00e7\u00f5es assinada por Zelensky\u00a0e pelo Presidente franc\u00eas, Emmanuel Macron, foi assinado na base a\u00e9rea de Villacoublay, a 20 quil\u00f3metros de Paris, no in\u00edcio da nona visita do chefe de Estado ucraniano a Fran\u00e7a desde o in\u00edcio da invas\u00e3o russa,\u00a0em fevereiro de 2022.<\/p>\n<p>A futura compra constitui, segundo o Kremlin, uma forma de a Fran\u00e7a &#8220;alimentar a guerra na Ucr\u00e2nia&#8221;.<\/p>\n<p>&#8220;Paris n\u00e3o est\u00e1, de forma alguma, a contribuir para a paz. Pelo contr\u00e1rio, est\u00e1 a alimentar sentimentos militaristas e pr\u00f3-guerra&#8221;, sublinhou Peskov.<\/p>\n<p>Leia Tamb\u00e9m: <a href=\"https:\/\/www.noticiasaominuto.com\/mundo\/2889550\/zelensky-assina-em-franca-contrato-de-compra-de-avioes-de-combate\" target=\"_blank\" rel=\"noopener noreferrer nofollow\">Zelensky assina em Fran\u00e7a contrato de compra de avi\u00f5es de combate<\/a><\/p>\n","protected":false},"excerpt":{"rendered":"&#8220;N\u00e3o importa que avi\u00f5es vendam ao regime de Kiev, isso n\u00e3o vai mudar a situa\u00e7\u00e3o na frente de&hellip;\n","protected":false},"author":2,"featured_media":157211,"comment_status":"","ping_status":"","sticky":false,"template":"","format":"standard","meta":{"footnotes":""},"categories":[50],"tags":[27,28,15,16,14,25,26,21,22,62,12,13,19,20,23,24,17,18,29,30,31,63,64,65],"class_list":{"0":"post-157210","1":"post","2":"type-post","3":"status-publish","4":"format-standard","5":"has-post-thumbnail","7":"category-mundo","8":"tag-breaking-news","9":"tag-breakingnews","10":"tag-featured-news","11":"tag-featurednews","12":"tag-headlines","13":"tag-latest-news","14":"tag-latestnews","15":"tag-main-news","16":"tag-mainnews","17":"tag-mundo","18":"tag-news","19":"tag-noticias","20":"tag-noticias-principais","21":"tag-noticiasprincipais","22":"tag-principais-noticias","23":"tag-principaisnoticias","24":"tag-top-stories","25":"tag-topstories","26":"tag-ultimas","27":"tag-ultimas-noticias","28":"tag-ultimasnoticias","29":"tag-world","30":"tag-world-news","31":"tag-worldnews"},"share_on_mastodon":{"url":"https:\/\/pubeurope.com\/@pt\/115573995796380268","error":""},"_links":{"self":[{"href":"https:\/\/www.europesays.com\/pt\/wp-json\/wp\/v2\/posts\/157210","targetHints":{"allow":["GET"]}}],"collection":[{"href":"https:\/\/www.europesays.com\/pt\/wp-json\/wp\/v2\/posts"}],"about":[{"href":"https:\/\/www.europesays.com\/pt\/wp-json\/wp\/v2\/types\/post"}],"author":[{"embeddable":true,"href":"https:\/\/www.europesays.com\/pt\/wp-json\/wp\/v2\/users\/2"}],"replies":[{"embeddable":true,"href":"https:\/\/www.europesays.com\/pt\/wp-json\/wp\/v2\/comments?post=157210"}],"version-history":[{"count":0,"href":"https:\/\/www.europesays.com\/pt\/wp-json\/wp\/v2\/posts\/157210\/revisions"}],"wp:featuredmedia":[{"embeddable":true,"href":"https:\/\/www.europesays.com\/pt\/wp-json\/wp\/v2\/media\/157211"}],"wp:attachment":[{"href":"https:\/\/www.europesays.com\/pt\/wp-json\/wp\/v2\/media?parent=157210"}],"wp:term":[{"taxonomy":"category","embeddable":true,"href":"https:\/\/www.europesays.com\/pt\/wp-json\/wp\/v2\/categories?post=157210"},{"taxonomy":"post_tag","embeddable":true,"href":"https:\/\/www.europesays.com\/pt\/wp-json\/wp\/v2\/tags?post=157210"}],"curies":[{"name":"wp","href":"https:\/\/api.w.org\/{rel}","templated":true}]}}