{"id":157214,"date":"2025-11-19T02:33:13","date_gmt":"2025-11-19T02:33:13","guid":{"rendered":"https:\/\/www.europesays.com\/pt\/157214\/"},"modified":"2025-11-19T02:33:13","modified_gmt":"2025-11-19T02:33:13","slug":"shawn-mendes-volta-para-salvador-e-acaba-flagrado-em-local-amado","status":"publish","type":"post","link":"https:\/\/www.europesays.com\/pt\/157214\/","title":{"rendered":"Shawn Mendes volta para Salvador e acaba flagrado em local amado"},"content":{"rendered":"<p>Ap\u00f3s passeio por S\u00e3o Paulo, <a href=\"https:\/\/atarde.com.br\/?q=shawn&amp;d=1\" target=\"_blank\" data-rel-defined=\"\" rel=\"nofollow noopener\">Shawn Mendes<\/a> n\u00e3o resistiu \u00e0 saudade da capital baiana e retornou para Salvador. Nesta segunda-feira,17, o cantor foi flagrado por f\u00e3s ao desembarcar no aeroporto, movimentando as redes sociais.<\/p>\n<p>De volta \u00e0 cidade, o artista aproveitou est\u00e1 ter\u00e7a-feira,18, para curtir a praia do Burac\u00e3o, no Rio Vermelho. Nas imagens que circulam na web, Shawn aparece aproveitando a praia e posando para fotos com admiradores que estavam no local.<\/p>\n<p>Tudo sobre <strong class=\"atr-ctaWhatsApp-strong\">Entretenimento<\/strong> em primeira m\u00e3o!<\/p>\n<p>Leia Tamb\u00e9m:<\/p>\n<p>Turistando pelo Brasil<\/p>\n<p>No Brasil desde o in\u00edcio de novembro, o cantor canadense vem explorando diferentes regi\u00f5es do pa\u00eds. Al\u00e9m de Salvador, Shawn j\u00e1 esteve em Bel\u00e9m, na Amaz\u00f4nia, e no Rio de Janeiro.<\/p>\n<p>Rumores tamb\u00e9m ganharam for\u00e7a nas \u00faltimas semanas ap\u00f3s o artista ser visto em clima \u00edntimo com Bruna Marquezine durante o show de Dua Lipa, em S\u00e3o Paulo, levantando especula\u00e7\u00f5es sobre um poss\u00edvel affair.<\/p>\n<p>Al\u00e9m de Bruna, Shawn Mendes tem sido visto ao lado de outras celebridades brasileiras, como Sasha Meneghel, Carlinhos Brown e Ivete Sangalo.<\/p>\n","protected":false},"excerpt":{"rendered":"Ap\u00f3s passeio por S\u00e3o Paulo, Shawn Mendes n\u00e3o resistiu \u00e0 saudade da capital baiana e retornou para Salvador.&hellip;\n","protected":false},"author":2,"featured_media":157215,"comment_status":"","ping_status":"","sticky":false,"template":"","format":"standard","meta":{"footnotes":""},"categories":[141],"tags":[114,115,149,150,32,33,28283,33719,33721,33714,33715,33716,33717,33718,33720,33722,33723,33724,33725,33726,33727,33728,33729],"class_list":{"0":"post-157214","1":"post","2":"type-post","3":"status-publish","4":"format-standard","5":"has-post-thumbnail","7":"category-musica","8":"tag-entertainment","9":"tag-entretenimento","10":"tag-music","11":"tag-musica","12":"tag-portugal","13":"tag-pt","14":"tag-shawn-mendes","15":"tag-shawn-mendes-flagrado-curtindo-praia-em-salvador","16":"tag-shawn-mendes-visto-em-salvador","17":"tag-shawn-mendes-brasil","18":"tag-shawn-mendes-com-fs","19":"tag-shawn-mendes-curtindo-praia-em-salvador","20":"tag-shawn-mendes-de-volta-a-bahia","21":"tag-shawn-mendes-e-bruna-marquezine","22":"tag-shawn-mendes-e-ivete-sangalo","23":"tag-shawn-mendes-em-salvador","24":"tag-shawn-mendes-na-bahia","25":"tag-shawn-mendes-na-casa-de-ivete","26":"tag-shawn-mendes-na-praia","27":"tag-shawn-mendes-o-que-aconteceu","28":"tag-shawn-mendes-posa-com-fs","29":"tag-shawn-mendes-vira-alvo-de-brincadeira","30":"tag-shawn-mendes-voltou-para-salvador"},"share_on_mastodon":{"url":"","error":"Validation failed: Text character limit of 500 exceeded"},"_links":{"self":[{"href":"https:\/\/www.europesays.com\/pt\/wp-json\/wp\/v2\/posts\/157214","targetHints":{"allow":["GET"]}}],"collection":[{"href":"https:\/\/www.europesays.com\/pt\/wp-json\/wp\/v2\/posts"}],"about":[{"href":"https:\/\/www.europesays.com\/pt\/wp-json\/wp\/v2\/types\/post"}],"author":[{"embeddable":true,"href":"https:\/\/www.europesays.com\/pt\/wp-json\/wp\/v2\/users\/2"}],"replies":[{"embeddable":true,"href":"https:\/\/www.europesays.com\/pt\/wp-json\/wp\/v2\/comments?post=157214"}],"version-history":[{"count":0,"href":"https:\/\/www.europesays.com\/pt\/wp-json\/wp\/v2\/posts\/157214\/revisions"}],"wp:featuredmedia":[{"embeddable":true,"href":"https:\/\/www.europesays.com\/pt\/wp-json\/wp\/v2\/media\/157215"}],"wp:attachment":[{"href":"https:\/\/www.europesays.com\/pt\/wp-json\/wp\/v2\/media?parent=157214"}],"wp:term":[{"taxonomy":"category","embeddable":true,"href":"https:\/\/www.europesays.com\/pt\/wp-json\/wp\/v2\/categories?post=157214"},{"taxonomy":"post_tag","embeddable":true,"href":"https:\/\/www.europesays.com\/pt\/wp-json\/wp\/v2\/tags?post=157214"}],"curies":[{"name":"wp","href":"https:\/\/api.w.org\/{rel}","templated":true}]}}