{"id":157220,"date":"2025-11-19T02:38:08","date_gmt":"2025-11-19T02:38:08","guid":{"rendered":"https:\/\/www.europesays.com\/pt\/157220\/"},"modified":"2025-11-19T02:38:08","modified_gmt":"2025-11-19T02:38:08","slug":"a-nasa-finalmente-revelara-novas-imagens-do-cometa-interestelar-3i-atlas-times-e-como-assisti-las-ao-vivo","status":"publish","type":"post","link":"https:\/\/www.europesays.com\/pt\/157220\/","title":{"rendered":"A NASA finalmente revelar\u00e1 novas imagens do Cometa Interestelar 3I\/ATLAS: Times e como assisti-las ao vivo &#8211;"},"content":{"rendered":"<p>A NASA finalmente revelar\u00e1 novas imagens do cometa interestelar <strong>3I\/ATLAS<\/strong> na quarta-feira, 19 de novembro, e o evento poder\u00e1 ser assistido ao vivo. A coletiva de imprensa est\u00e1 marcada para as 15h (hor\u00e1rio do leste dos EUA (<strong>20h no Reino Unido \/ 21h CET na Espanha<\/strong>).<\/p>\n<p>As fotos do 3I\/ATLAS foram coletadas por v\u00e1rias miss\u00f5es da NASA, dando aos cientistas uma rara oportunidade de observar o cometa sob diferentes perspectivas. Descoberto em <strong>1\u00ba de julho de 2025<\/strong> pelo observat\u00f3rio ATLAS, \u00e9 apenas o terceiro cometa interestelar j\u00e1 detectado em nosso sistema solar, ap\u00f3s <strong>1I\/&#8217;Oumuamua em 2017 e 2I\/Borisov em 2019<\/strong>.<\/p>\n<p>O cometa fez sua aproxima\u00e7\u00e3o mais pr\u00f3xima do Sol em <strong>29 de outubro<\/strong>, passando a cerca de 130 milh\u00f5es de milhas (210 milh\u00f5es de km), e recentemente voou pr\u00f3ximo a Marte em <strong>3 de outubro<\/strong>. As novas imagens da NASA podem revelar como a atividade do cometa mudou ap\u00f3s sua passagem solar. O 3I\/ATLAS passar\u00e1 pela Terra a uma dist\u00e2ncia segura de cerca de 170 milh\u00f5es de milhas (270 milh\u00f5es de km) em <strong>19 de dezembro<\/strong>.<\/p>\n<p>Os oficiais da NASA envolvidos na coletiva incluem <strong>Amit Kshatriya, Nicky Fox, Shawn Domagal-Goldman e Tom Statler<\/strong>. As imagens exibir\u00e3o dados tanto de espa\u00e7onaves quanto de observat\u00f3rios terrestres, fornecendo uma vis\u00e3o detalhada do cometa enquanto ele viaja pelo nosso sistema solar. <strong>Assista ao vivo no v\u00eddeo abaixo.<\/strong><\/p>\n","protected":false},"excerpt":{"rendered":"A NASA finalmente revelar\u00e1 novas imagens do cometa interestelar 3I\/ATLAS na quarta-feira, 19 de novembro, e o evento&hellip;\n","protected":false},"author":2,"featured_media":157221,"comment_status":"","ping_status":"","sticky":false,"template":"","format":"standard","meta":{"footnotes":""},"categories":[84],"tags":[109,107,108,32,33,105,103,104,106,110],"class_list":{"0":"post-157220","1":"post","2":"type-post","3":"status-publish","4":"format-standard","5":"has-post-thumbnail","7":"category-ciencia-e-tecnologia","8":"tag-ciencia","9":"tag-ciencia-e-tecnologia","10":"tag-cienciaetecnologia","11":"tag-portugal","12":"tag-pt","13":"tag-science","14":"tag-science-and-technology","15":"tag-scienceandtechnology","16":"tag-technology","17":"tag-tecnologia"},"share_on_mastodon":{"url":"https:\/\/pubeurope.com\/@pt\/115574046978835165","error":""},"_links":{"self":[{"href":"https:\/\/www.europesays.com\/pt\/wp-json\/wp\/v2\/posts\/157220","targetHints":{"allow":["GET"]}}],"collection":[{"href":"https:\/\/www.europesays.com\/pt\/wp-json\/wp\/v2\/posts"}],"about":[{"href":"https:\/\/www.europesays.com\/pt\/wp-json\/wp\/v2\/types\/post"}],"author":[{"embeddable":true,"href":"https:\/\/www.europesays.com\/pt\/wp-json\/wp\/v2\/users\/2"}],"replies":[{"embeddable":true,"href":"https:\/\/www.europesays.com\/pt\/wp-json\/wp\/v2\/comments?post=157220"}],"version-history":[{"count":0,"href":"https:\/\/www.europesays.com\/pt\/wp-json\/wp\/v2\/posts\/157220\/revisions"}],"wp:featuredmedia":[{"embeddable":true,"href":"https:\/\/www.europesays.com\/pt\/wp-json\/wp\/v2\/media\/157221"}],"wp:attachment":[{"href":"https:\/\/www.europesays.com\/pt\/wp-json\/wp\/v2\/media?parent=157220"}],"wp:term":[{"taxonomy":"category","embeddable":true,"href":"https:\/\/www.europesays.com\/pt\/wp-json\/wp\/v2\/categories?post=157220"},{"taxonomy":"post_tag","embeddable":true,"href":"https:\/\/www.europesays.com\/pt\/wp-json\/wp\/v2\/tags?post=157220"}],"curies":[{"name":"wp","href":"https:\/\/api.w.org\/{rel}","templated":true}]}}