{"id":157226,"date":"2025-11-19T02:52:10","date_gmt":"2025-11-19T02:52:10","guid":{"rendered":"https:\/\/www.europesays.com\/pt\/157226\/"},"modified":"2025-11-19T02:52:10","modified_gmt":"2025-11-19T02:52:10","slug":"chuva-de-meteoros-leonidas-atinge-pico-nesta-madrugada-de-17-de-novembro-com-ate-15-por-hora","status":"publish","type":"post","link":"https:\/\/www.europesays.com\/pt\/157226\/","title":{"rendered":"Chuva de meteoros Le\u00f4nidas atinge pico nesta madrugada de 17 de novembro com at\u00e9 15 por hora"},"content":{"rendered":"\n<p>A chuva de meteoros Le\u00f4nidas alcan\u00e7a o pico de atividade na madrugada deste domingo (16) para segunda-feira (17 de novembro de 2025), com maior visibilidade nas horas anteriores ao amanhecer. O fen\u00f4meno ocorre quando a Terra atravessa a trilha de detritos deixada pelo cometa 55P\/Tempel-Tuttle e pode ser observado em todo o territ\u00f3rio brasileiro e no mundo. Especialistas estimam taxa de at\u00e9 15 meteoros por hora em locais de c\u00e9u escuro.<\/p>\n<p><a href=\"https:\/\/news.google.com\/publications\/CAAqKQgKIiNDQklTRkFnTWFoQUtEbTFwZUhaaGJHVXVZMjl0TG1KeUtBQVAB?ceid=BR:pt-419&amp;oc=3&amp;hl=pt-BR&amp;gl=BR\" target=\"_blank\" rel=\"noopener noreferrer nofollow\" class=\"acssced80\">  Seguir Mix Vale no Google <\/a> <\/p>\n<p>O evento anual come\u00e7ou em 6 de novembro e se estende at\u00e9 30 de novembro. A fase minguante da Lua, com apenas 9% de ilumina\u00e7\u00e3o, favorece a observa\u00e7\u00e3o ao reduzir a interfer\u00eancia luminosa.<\/p>\n<ul>\n<li>Melhor hor\u00e1rio: entre 3h e 5h da madrugada<\/li>\n<li>Dire\u00e7\u00e3o principal: constela\u00e7\u00e3o de Le\u00e3o, a leste<\/li>\n<li>Velocidade dos meteoros: cerca de 71 km\/s<\/li>\n<li>Caracter\u00edstica marcante: produ\u00e7\u00e3o frequente de b\u00f3lidos brilhantes<\/li>\n<\/ul>\n<p> Origem do fen\u00f4meno <\/p>\n<p>O cometa 55P\/Tempel-Tuttle completa uma \u00f3rbita ao redor do Sol a cada 33 anos. Durante essas passagens, deixa part\u00edculas que formam o fluxo de detritos respons\u00e1vel pela chuva Le\u00f4nidas.<\/p>\n<p>Os fragmentos, do tamanho de gr\u00e3os de areia, entram na atmosfera terrestre a alta velocidade e se incineram, gerando os tra\u00e7os luminosos conhecidos como estrelas cadentes.<\/p>\n<p> <img decoding=\"async\" alt=\"\" aria-hidden=\"true\" class=\"i-amphtml-intrinsic-sizer\" role=\"presentation\" src=\"data:image\/svg+xml;base64,PHN2ZyBoZWlnaHQ9IjcyMCIgd2lkdGg9Ijk2MCIgeG1sbnM9Imh0dHA6Ly93d3cudzMub3JnLzIwMDAvc3ZnIiB2ZXJzaW9uPSIxLjEiLz4=\"\/><img decoding=\"async\" alt=\"\" aria-hidden=\"true\" class=\"i-amphtml-intrinsic-sizer\" role=\"presentation\" src=\"data:image\/svg+xml;base64,PHN2ZyBoZWlnaHQ9IjcyMCIgd2lkdGg9Ijk2MCIgeG1sbnM9Imh0dHA6Ly93d3cudzMub3JnLzIwMDAvc3ZnIiB2ZXJzaW9uPSIxLjEiLz4=\"\/>Chuva de meteoros _ Foto: Nazarii_Neshcherenskyi\/ Shutterstock.com Condi\u00e7\u00f5es ideais em 2025 <\/p>\n<p>A aus\u00eancia de Lua cheia torna este um dos melhores anos recentes para observar as Le\u00f4nidas sem equipamentos especiais. Locais afastados das capitais apresentam menor polui\u00e7\u00e3o luminosa e aumentam as chances de registro.<\/p>\n<p>Regi\u00f5es Norte e Nordeste do Brasil devem ter vantagem por causa do per\u00edodo seco e c\u00e9us mais limpos nesta \u00e9poca do ano.<\/p>\n<p>Cidades como S\u00e3o Paulo, Rio de Janeiro e Belo Horizonte exigem deslocamento para \u00e1reas rurais ou parques estaduais com pouca ilumina\u00e7\u00e3o artificial.<\/p>\n<p>Como observar com seguran\u00e7a <\/p>\n<p>Os olhos humanos levam cerca de 30 minutos para se adaptar completamente \u00e0 escurid\u00e3o. Recomenda-se deitar de costas com os p\u00e9s voltados para o leste e manter o campo de vis\u00e3o amplo.<\/p>\n<p>N\u00e3o \u00e9 necess\u00e1rio telesc\u00f3pio ou bin\u00f3culo. Roupas quentes e isolante t\u00e9rmico ajudam a enfrentar as baixas temperaturas da madrugada. Aplicativos de astronomia indicam a posi\u00e7\u00e3o exata da radiante na constela\u00e7\u00e3o de Le\u00e3o em tempo real.<\/p>\n<p>Hist\u00f3rico de atividade intensa <\/p>\n<p>A \u00faltima grande tempestade de meteoros Le\u00f4nidas ocorreu em 2002, quando foram registrados milhares por hora em algumas regi\u00f5es. Eventos desse porte dependem da proximidade do cometa-m\u00e3e com o Sol.<\/p>\n<p>A pr\u00f3xima aproxima\u00e7\u00e3o significativa est\u00e1 prevista para 2031, com possibilidade de taxa maior que a atual.<\/p>\n<p>At\u00e9 l\u00e1, as Le\u00f4nidas mant\u00eam atividade moderada, mas continuam entre as chuvas mais r\u00e1pidas e brilhantes do calend\u00e1rio anual.<\/p>\n<p>Outras chuvas previstas <\/p>\n<p>As Gemin\u00eddeas chegam ao pico em 13 e 14 de dezembro, com taxa m\u00e9dia de at\u00e9 120 meteoros por hora em condi\u00e7\u00f5es ideais. A chuva Urs\u00eddeas ser\u00e1 vis\u00edvel entre 21 e 22 de dezembro.<\/p>\n<p>As Quadr\u00e2ntidas abrem o calend\u00e1rio de 2026 com m\u00e1ximo em 3 de janeiro. Esses fen\u00f4menos fazem parte do ciclo anual de passagem da Terra por fluxos de detritos comet\u00e1rios e planet\u00e1rios.<\/p>\n<p>A observa\u00e7\u00e3o de chuvas de meteoros contribui para o monitoramento de objetos pr\u00f3ximos \u00e0 Terra e para estudos sobre a composi\u00e7\u00e3o do Sistema Solar.<\/p>\n","protected":false},"excerpt":{"rendered":"A chuva de meteoros Le\u00f4nidas alcan\u00e7a o pico de atividade na madrugada deste domingo (16) para segunda-feira (17&hellip;\n","protected":false},"author":2,"featured_media":157227,"comment_status":"","ping_status":"","sticky":false,"template":"","format":"standard","meta":{"footnotes":""},"categories":[84],"tags":[109,107,108,32,33,105,103,104,106,110],"class_list":{"0":"post-157226","1":"post","2":"type-post","3":"status-publish","4":"format-standard","5":"has-post-thumbnail","7":"category-ciencia-e-tecnologia","8":"tag-ciencia","9":"tag-ciencia-e-tecnologia","10":"tag-cienciaetecnologia","11":"tag-portugal","12":"tag-pt","13":"tag-science","14":"tag-science-and-technology","15":"tag-scienceandtechnology","16":"tag-technology","17":"tag-tecnologia"},"share_on_mastodon":{"url":"https:\/\/pubeurope.com\/@pt\/115574101969967712","error":""},"_links":{"self":[{"href":"https:\/\/www.europesays.com\/pt\/wp-json\/wp\/v2\/posts\/157226","targetHints":{"allow":["GET"]}}],"collection":[{"href":"https:\/\/www.europesays.com\/pt\/wp-json\/wp\/v2\/posts"}],"about":[{"href":"https:\/\/www.europesays.com\/pt\/wp-json\/wp\/v2\/types\/post"}],"author":[{"embeddable":true,"href":"https:\/\/www.europesays.com\/pt\/wp-json\/wp\/v2\/users\/2"}],"replies":[{"embeddable":true,"href":"https:\/\/www.europesays.com\/pt\/wp-json\/wp\/v2\/comments?post=157226"}],"version-history":[{"count":0,"href":"https:\/\/www.europesays.com\/pt\/wp-json\/wp\/v2\/posts\/157226\/revisions"}],"wp:featuredmedia":[{"embeddable":true,"href":"https:\/\/www.europesays.com\/pt\/wp-json\/wp\/v2\/media\/157227"}],"wp:attachment":[{"href":"https:\/\/www.europesays.com\/pt\/wp-json\/wp\/v2\/media?parent=157226"}],"wp:term":[{"taxonomy":"category","embeddable":true,"href":"https:\/\/www.europesays.com\/pt\/wp-json\/wp\/v2\/categories?post=157226"},{"taxonomy":"post_tag","embeddable":true,"href":"https:\/\/www.europesays.com\/pt\/wp-json\/wp\/v2\/tags?post=157226"}],"curies":[{"name":"wp","href":"https:\/\/api.w.org\/{rel}","templated":true}]}}