{"id":157234,"date":"2025-11-19T03:09:10","date_gmt":"2025-11-19T03:09:10","guid":{"rendered":"https:\/\/www.europesays.com\/pt\/157234\/"},"modified":"2025-11-19T03:09:10","modified_gmt":"2025-11-19T03:09:10","slug":"da-tap-a-ucrania-marques-mendes-e-antonio-filipe-concordam-em-divergir","status":"publish","type":"post","link":"https:\/\/www.europesays.com\/pt\/157234\/","title":{"rendered":"Da TAP \u00e0 Ucr\u00e2nia. Marques Mendes e Ant\u00f3nio Filipe concordam em divergir"},"content":{"rendered":"<p>                Os dois n\u00e3o disputam por isso o mesmo eleitorado e concordaram em divergir em quase tudo, da lei laboral ao 25 de novembro, da TAP \u00e0 pol\u00edtica externa, sobretudo face \u00e0 Ucr\u00e2nia. Ambos se acusaram de ser &#8220;candidatos de fa\u00e7\u00e3o&#8221;.<\/p>\n<p>&#13;<br \/>\nNum debate menos crispado do que o do dia anterior, entre Ant\u00f3nio Jos\u00e9 Seguro e Andr\u00e9 Ventura, os dois candidatos come\u00e7aram por expressar estima pessoal e respeito um pelo outro.&#13;\n<\/p>\n<p>&#13;<br \/>\nMas <b>rapidamente se perceberam as diverg\u00eancias quanto ao papel interventivo de um presidente da Rep\u00fablica<\/b>.&#13;\n<\/p>\n<p>\nMarques Mendes prometeu uma &#8220;magistratura de influ\u00eancia&#8221;, di\u00e1logo e busca de consensos em nome da estabilidade e da paz social, Ant\u00f3nio Felipe prometeu ser defensor dos trabalhadores e dos interesses dos portugueses a todo o custo. &#8220;Sou do lado dos trabalhadores&#8221;, afirmou o candidato comunista. &#8220;Um candidato de fa\u00e7\u00e3o&#8221;, reagiu Marques Mendes, provocando protestos de Ant\u00f3nio Filipe. &#8220;Sou tanto de fa\u00e7\u00e3o como o doutor&#8221;.<\/p>\n<p>A lei laboral foi <b>a primeira diverg\u00eancia<\/b>.<\/p>\n<p>&#13;<br \/>\n<b>Marques Mendes n\u00e3o quer &#8220;dramatizar&#8221; as mexidas na lei laboral.\u00a0<\/b>&#13;\n<\/p>\n<p>&#13;<br \/>\nLembrando que as inten\u00e7\u00f5es do executivo est\u00e3o ainda na fase de anteprojeto, o candidato da social-democracia sublinhou que, a nove de mar\u00e7o [se for eleito presidente] poder\u00e1 ter de se pronunciar, mas que ir\u00e1 aguardar por um projeto de lei para o fazer.&#13;\n<\/p>\n<p><b><br \/>&#13;<br \/>\n&#8220;Um presidente da Rep\u00fablica s\u00f3 se pronuncia sobre uma lei em concreto depois dela aprovada&#8221;, defendeu.<\/b><\/p>\n<p>&#8220;Eu n\u00e3o tenho posi\u00e7\u00e3o sobre este anteprojeto&#8221;, afirmou, &#8220;coloco-me na posi\u00e7\u00e3o em que um presidente da Rep\u00fablica respons\u00e1vel deve colocar-se, &#8220;tem de ter aqui duas posi\u00e7\u00f5es, di\u00e1logo e equil\u00edbrio&#8221;, explicou.<\/p>\n<p>Marques Mendes apelou assim ao di\u00e1logo, lembrando que um acordo serve a todos, patronato, governo e sindicatos, sobretudo a UGT, que deve &#8220;ser respeitada&#8221;, ao contr\u00e1rio da CGTP, &#8220;que nunca assinou um acordo&#8221;.<\/p>\n<p>Ant\u00f3nio Felipe reagiu de imediato, dizendo que a CGTP assinou o acordo para o sal\u00e1rio m\u00ednimo &#8220;que nunca foi cumprido&#8221;.<\/p>\n<p>De resto, &#8220;o doutor Marques Mendes est\u00e1 do lado do governo, \u00e9 o candidato do governo em fun\u00e7\u00f5es&#8221;, atirou, colando o advers\u00e1rio \u00e0 pol\u00e9mica.<br \/>&#13;<br \/>\n<b><br \/>&#13;<br \/>\n&#8220;Estamos em profunda diverg\u00eancia&#8221;, sublinhou Ant\u00f3nio Felipe.<\/b> <b>Marques Mendes &#8220;quer impedir a greve geral, eu quero impedir esta lei laboral&#8221;, acrescentou.<br \/>&#13;<br \/>\n<\/b><\/p>\n<p>          <img decoding=\"async\" itemprop=\"image\" class=\"img-fluid\"   src=\"https:\/\/www.europesays.com\/pt\/wp-content\/uploads\/2025\/11\/e942bc75db8aa51adbdbb0501293931b\"\/><\/p>\n<p>\nDenunciando diversas propostas, Ant\u00f3nio Felipe disse compreender a &#8220;revolta dos trabalhadores&#8221; com a revis\u00e3o pretendida pelo executivo da AD.<\/p>\n<p>&#8220;O que est\u00e1 subjacente \u00e9 inverter a l\u00f3gica do direito do trabalho&#8221;, denunciou, o qual &#8220;passaria a ser uma arma dos empregadores contra os trabalhadores&#8221;.<\/p>\n<p>&#8220;Como candidato devo pronunciar-me&#8221; sobre o que est\u00e1 em causa, considerou. E, &#8220;como presidente&#8221; procuraria ouvir o Tribunal Constitucional &#8220;nas quest\u00f5es que suscitassem d\u00favidas&#8221; e &#8220;sobre aquilo com que eu n\u00e3o concordasse&#8221; e que considerasse lesivo dos trabalhadores, &#8220;faria um apelo \u00e0 Assembleia da Rep\u00fablica&#8221;, para que refletisse.Diverg\u00eancia 2. O 25 de novembro<br \/>&#13;<br \/>\nOs dois candidatos divergiram igualmente sobre as comemora\u00e7\u00f5es do 25 de novembro, marcadas para a semana.<\/p>\n<p><b>Ant\u00f3nio Felipe denunciou-as como &#8220;uma tentativa de reescrever a hist\u00f3ria e menorizar o 25 de Abril&#8221;. <\/b><\/p>\n<p>&#8220;\u00c9 uma cerim\u00f3nia de fa\u00e7\u00e3o&#8221; \u00e9 &#8220;passar uma ideia n\u00e3o correta&#8221; do que se passou nesse dia, acrescentou, afirmando que n\u00e3o presidiria \u00e0s cerim\u00f3nias de Estado comemorativas da data.<\/p>\n<p>Marques Mendes considerou que um presidente em fun\u00e7\u00f5es n\u00e3o pode assumir tal posi\u00e7\u00e3o, apesar de a compreender por parte do advers\u00e1rio, porque, afirmou &#8220;o PCP foi o partido que foi derrotado no 25 de novembro&#8221;.<\/p>\n<p>A data deve ser celebrada, defendeu, porque &#8220;n\u00e3o \u00e9 uma data qualquer&#8221;, &#8220;\u00e9 a data que impediu que Portugal ca\u00edsse numa segunda ditadura de sinal contr\u00e1rio&#8221;. <\/p>\n<p><b>&#8220;\u00c9 uma data igualmente importante, que restituiu ao pa\u00eds a pureza dos ideais do 25 de abril&#8221;, afirmou o social-democrata. &#8220;Devem ser as duas assinaladas&#8221;.<\/b><br \/>&#13;<br \/>\nDiverg\u00eancia 3. Estabilidade<br \/>&#13;<br \/>\nOs dois candidatos defenderam depois a estabilidade como a prioridade das suas presid\u00eancias, mas ambos revelaram um entendimento diverso sobre o conceito.<\/p>\n<p>Marques Mendes disse que &#8220;o pa\u00eds n\u00e3o pode viver sempre em elei\u00e7\u00f5es&#8221;. <b>Um presidente deve &#8220;garantir condi\u00e7\u00f5es para os governos governarem e apresentarem resultados&#8221; e evitar que o populismo cres\u00e7a, disse. E, &#8220;as pessoas querem tranquilidade e as empresas estabilidade&#8221;.<\/b><\/p>\n<p>Vai por isso procurar estabelecer pontes.<\/p>\n<p>J\u00e1 Ant\u00f3nio Felipe considera que o mais importante \u00e9 a &#8220;estabilidade da vida das pessoas&#8221;, dando como exemplo as dificuldades de acesso ao SNS, dos jovens \u00e0 habita\u00e7\u00e3o, dos alunos a aulas com professores. &#8220;\u00c9 isto que afasta as pessoas da pol\u00edtica&#8221;, afirmou.<\/p>\n<p>&#8220;O PR tem de ter uma voz&#8221;, defendeu, promentendo usar as suas compet\u00eancias para garantir o cumprimento da Constitui\u00e7\u00e3o.<\/p>\n<p><b>&#8220;N\u00e3o pretendo que o presidente da Rep\u00fablica extravase as suas compet\u00eancias&#8221;, prometeu ainda Ant\u00f3nio Felipe, considerando importante que &#8220;as pessoas sintam que t\u00eam algu\u00e9m&#8221; que as defenda.<\/b><\/p>\n<p>Marques Mendes considerou que um presidente &#8220;tem de puxar o pa\u00eds para cima&#8221; e anunciou que, a ser eleito, a sua primeira iniciativa ser\u00e1 enviar &#8220;uma mensagem ao Parlamento&#8221; sobre os desafio do pa\u00eds para os pr\u00f3ximos 10 anos.<\/p>\n<p>&#8220;Temos de ter outra ambi\u00e7\u00e3o&#8221;, defendeu, considerando ainda que, para desempenhar o cargo &#8220;a experi\u00eancia conta&#8221;.<br \/>&#13;<br \/>\nDiverg\u00eancia 4. A TAP<br \/>&#13;<br \/>\nAnt\u00f3nio Felipe contestou as recentes op\u00e7\u00f5es para a economia portuguesa e afirmou ser &#8220;preciso que as alavancas do nosso pa\u00eds estejam nas m\u00e3os dos portugueses&#8221;, dando como exemplo a banca ou a TAP, pretendendo &#8220;que o Estado tenha a\u00ed um papel relevante&#8221;.<\/p>\n<p>&#8220;N\u00e3o tenho nada contra a iniciativa privada&#8221;, afirmou, mas <b>&#8220;alertaria o governo para os perigos da privatiza\u00e7\u00e3o da TAP&#8221; e trataria de travar o processo corrente se fosse presidente.<\/b><\/p>\n<p>Marques Mendes ripostou, lembrando que as regras de Bruxelas impedem o Estado portugu\u00eas de ter uma participa\u00e7\u00e3o maiorit\u00e1ria na companhia a\u00e9rea.<\/p>\n<p>&#8220;O pa\u00eds devia saber isto&#8221;, afirmou. &#8220;Se n\u00e3o houver privatiza\u00e7\u00e3o, a TAP n\u00e3o vai crescer, p<b>elas regras de Bruxelas, o Estado n\u00e3o pode meter um tost\u00e3o na TAP&#8221;.<\/b><\/p>\n<p>&#8220;\u00c9 de elementar bom senso&#8221;, referiu. A privatiza\u00e7\u00e3o deve prosseguir, precisamente &#8220;por interesse nacional&#8221;, porque sem investimento privado, a &#8220;TAP n\u00e3o consegue crescer e competir&#8221;.<\/p>\n<p>&#8220;N\u00e3o vale a pena em mat\u00e9ria de facto fazer demagogia&#8221;, atirou.<\/p>\n<p>&#8220;Se o Estado n\u00e3o tivesse intervindo a TAP hoje n\u00e3o existiria&#8221;, respondeu Ant\u00f3nio Felipe, lembrando a pol\u00e9mica reestrutura\u00e7\u00e3o de 2015, no \u00faltimo dia do governo de Passos Coelho, que ainda hoje faz correr tinta e provoca investiga\u00e7\u00f5es \u00e0 forma como decorreu.<br \/>&#13;<br \/>\nDiverg\u00eancia 5. Ucr\u00e2nia<br \/>&#13;<br \/>\nFace a uma eventual deriva totalit\u00e1ria, ambos prometeram usar das compet\u00eancias conferidas pela Constitui\u00e7\u00e3o para a combater.<\/p>\n<p>O social-democrata lembrou que a sua candiudatura assenta precisamente na defesa de grandes valores, <b>&#8220;defender a democracia, defender a liberdade e defender a justi\u00e7a social&#8221;<\/b>, relativamente &#8220;aos que querem minar a democracia&#8221;.<\/p>\n<p>&#13;<br \/>\n<b>O candidato comunista prometeu &#8220;ser a \u00faltima trave mestra da defesa da democracia&#8221;.<\/b>&#13;\n<\/p>\n<p>&#13;<br \/>\n&#8220;Manteria os meus poderes como \u00faltimo reduto da defesa da democracia&#8221;, referiu.&#13;\n<\/p>\n<p>Na pol\u00edtica externa,\u00a0Ant\u00f3nio Filipe defendeu que a ac\u00e7\u00e3o de Portugal deve ser no sentido de defender o interesse nacional e no quadro das organiza\u00e7\u00f5es a que pertence que tenha uma voz pr\u00f3pria.<\/p>\n<p>Marques Mendes, sublinhando que o presidente de Rep\u00fablica n\u00e3o define a pol\u00edtica externa, desembocou na necessidade de haver um refor\u00e7o da NATO.<br \/>&#13;\n<\/p>\n<p>\nA guerra na Ucr\u00e2nia foi o \u00faltimo tema em que ambos se colocaram de lados opostos.<\/p>\n<p><b>Marques Mendes acusou Ant\u00f3nio Felipe de estar ao lado do &#8220;agressor&#8221; Vladimir Putin<\/b>, desafiando-o a pronunciar-se contra a invas\u00e3o iniciada por Moscovo em fevereiro de 2022.<\/p>\n<p>O advers\u00e1rio lembrou que, na verdade, o conflito &#8220;come\u00e7ou em 2014&#8221; e defendeu que a diplomacia deveria ter impedido a guerra de se dar.<\/p>\n<p>&#8220;Os esfor\u00e7os diplom\u00e1ticos deviam ter ido no sentido de acabar com a guerra porque quanto mais se prolongar pior para o povo ucraniano&#8221;, defendeu. &#8220;<b>Como presidente da Rep\u00fablica, faria todos os esfor\u00e7os para, no plano da democracia esta quest\u00e3o terminasse de uma vez por todas<\/b>, porque \u00e9 a forma de defender o povo ucraniano&#8221;.<\/p>\n<p>Marques Mendes afirmou por seu lado que &#8220;o mundo est\u00e1 num estado de grande imprevisibilidade&#8221;, pelo que &#8220;\u00e9 necess\u00e1rio um presidente experiente&#8221;.<\/p>\n<p>O candidato social-democrata precisa cativar votos no centro-esquerda e a sua estrat\u00e9gia passa por se distanciar de alguma forma do atual executivo sem alienar o seu eleitorado tradicional e sem perder para Cotrim de Figueiredo \u00e0 direita e para o estreante na pol\u00edtica, Almirante Gouveia e Melo.<\/p>\n<p>Ant\u00f3nio Filipe, que se negou a entregar o cart\u00e3o de militante do Partido Comunista Portugu\u00eas, pretende manter-se na corrida at\u00e9 ao fim, \u00e0 semelhan\u00e7a dos \u00faltimos quatro candidatos presidenciais da CDU. <\/p>\n<p>O seu objetivo ser\u00e1 sobretudo afirmar-se como op\u00e7\u00e3o mais v\u00e1lida e mais s\u00f3lida \u00e0 esquerda do que o Bloco de Esquerda, representado por Catarina Martins, e procurar votos entre os socialistas que n\u00e3o apoiam Ant\u00f3nio Jos\u00e9 Seguro.&#13;\n            <\/p>\n","protected":false},"excerpt":{"rendered":"Os dois n\u00e3o disputam por isso o mesmo eleitorado e concordaram em divergir em quase tudo, da lei&hellip;\n","protected":false},"author":2,"featured_media":157235,"comment_status":"","ping_status":"","sticky":false,"template":"","format":"standard","meta":{"footnotes":""},"categories":[10],"tags":[33733,27,28,15,16,14,25,26,21,22,24788,12,13,19,20,32,1076,23,24,33,17,18,29,30,31],"class_list":{"0":"post-157234","1":"post","2":"type-post","3":"status-publish","4":"format-standard","5":"has-post-thumbnail","7":"category-portugal","8":"tag-antonio-felipe","9":"tag-breaking-news","10":"tag-breakingnews","11":"tag-featured-news","12":"tag-featurednews","13":"tag-headlines","14":"tag-latest-news","15":"tag-latestnews","16":"tag-main-news","17":"tag-mainnews","18":"tag-marques-mendes","19":"tag-news","20":"tag-noticias","21":"tag-noticias-principais","22":"tag-noticiasprincipais","23":"tag-portugal","24":"tag-presidenciais-2026","25":"tag-principais-noticias","26":"tag-principaisnoticias","27":"tag-pt","28":"tag-top-stories","29":"tag-topstories","30":"tag-ultimas","31":"tag-ultimas-noticias","32":"tag-ultimasnoticias"},"share_on_mastodon":{"url":"https:\/\/pubeurope.com\/@pt\/115574169005289645","error":""},"_links":{"self":[{"href":"https:\/\/www.europesays.com\/pt\/wp-json\/wp\/v2\/posts\/157234","targetHints":{"allow":["GET"]}}],"collection":[{"href":"https:\/\/www.europesays.com\/pt\/wp-json\/wp\/v2\/posts"}],"about":[{"href":"https:\/\/www.europesays.com\/pt\/wp-json\/wp\/v2\/types\/post"}],"author":[{"embeddable":true,"href":"https:\/\/www.europesays.com\/pt\/wp-json\/wp\/v2\/users\/2"}],"replies":[{"embeddable":true,"href":"https:\/\/www.europesays.com\/pt\/wp-json\/wp\/v2\/comments?post=157234"}],"version-history":[{"count":0,"href":"https:\/\/www.europesays.com\/pt\/wp-json\/wp\/v2\/posts\/157234\/revisions"}],"wp:featuredmedia":[{"embeddable":true,"href":"https:\/\/www.europesays.com\/pt\/wp-json\/wp\/v2\/media\/157235"}],"wp:attachment":[{"href":"https:\/\/www.europesays.com\/pt\/wp-json\/wp\/v2\/media?parent=157234"}],"wp:term":[{"taxonomy":"category","embeddable":true,"href":"https:\/\/www.europesays.com\/pt\/wp-json\/wp\/v2\/categories?post=157234"},{"taxonomy":"post_tag","embeddable":true,"href":"https:\/\/www.europesays.com\/pt\/wp-json\/wp\/v2\/tags?post=157234"}],"curies":[{"name":"wp","href":"https:\/\/api.w.org\/{rel}","templated":true}]}}