{"id":157278,"date":"2025-11-19T05:08:54","date_gmt":"2025-11-19T05:08:54","guid":{"rendered":"https:\/\/www.europesays.com\/pt\/157278\/"},"modified":"2025-11-19T05:08:54","modified_gmt":"2025-11-19T05:08:54","slug":"casa-dos-segredos-uiui-apos-comentario-de-mae-de-dylan-vera-deixa-farpa-afiada-nas-redes-sociais","status":"publish","type":"post","link":"https:\/\/www.europesays.com\/pt\/157278\/","title":{"rendered":"Casa dos Segredos &#8211; Uiui&#8230; Ap\u00f3s coment\u00e1rio de m\u00e3e de Dylan, Vera deixa &#8216;farpa&#8217; afiada nas redes sociais"},"content":{"rendered":"<p>Est\u00e1 o caldo entornado! N\u00e3o foi h\u00e1 muito tempo que nasceu um romance na <strong>Casa dos Segredos<\/strong>: <strong>Dylan<\/strong> e <strong>In\u00eas<\/strong> parecem estar mais apaixonados do que nunca. A verdade \u00e9 que dentro daquela que \u00e9 a casa mais vigiada do pa\u00eds, o jovem tamb\u00e9m viveu um breve affair com <strong>Vera<\/strong>, rela\u00e7\u00e3o que, recorde-se, terminou de forma pol\u00e9mica, ap\u00f3s a expuls\u00e3o da assistente dent\u00e1ria por agress\u00e3o.<\/p>\n<blockquote>\n<p><strong>Leia ainda: <\/strong>Casa dos Segredos &#8211; <a href=\"https:\/\/www.novagente.pt\/casa-dos-segredos-ups-bruna-perde-paciencia-denuncia-comportamento-inusitado-malta-procriar-no\" rel=\"nofollow noopener\" target=\"_blank\">Ups&#8230; Bruna perde a paci\u00eancia e &#8216;denuncia&#8217; comportamento inusitado: &#8220;Malta a procriar no&#8230;&#8221;<\/a><\/p>\n<\/blockquote>\n<p>Na \u00faltima gala do formato da <strong>TVI<\/strong>, <strong>Rosa<\/strong>, m\u00e3e de Dylan, n\u00e3o teve papas na l\u00edngua e <a href=\"https:\/\/www.novagente.pt\/casa-dos-segredos-de-uma-cajadada-so-mae-de-dylan-fala-sobre-ines-vera-nao-posso\" rel=\"nofollow noopener\" target=\"_blank\">afirmou preferir In\u00eas a Vera<\/a>. Essa opini\u00e3o parece n\u00e3o ter sido bem recebida pela ex-concorrente, que deixou uma mensagem enigm\u00e1tica nas suas redes sociais.<\/p>\n<p>&#8220;At\u00e9 o meu\u00a0gloss\u00a0tem mais qualidade que certas bocas que saem \u00e0 rua&#8221;, escreveu num story.<\/p>\n<p>Bruna Gomes fala sobre Casa dos Segredos 9\u00a0<\/p>\n<p>Texto: Beatriz Soares; Fotos: Arquivo Impala e Redes Sociais.\u00a0<\/p>\n<p class=\"intagram-text\">Siga a Nova Gente no Instagram<\/p>\n<p>                        <a href=\"https:\/\/www.instagram.com\/revistanovagente\/\" target=\"_blank\" aria-label=\"instagram\" rel=\"noopener nofollow\"><img decoding=\"async\" style=\"display: block; margin-left: auto; margin-right: auto; width: 250px; height: 83px;\" src=\"https:\/\/www.europesays.com\/pt\/wp-content\/uploads\/2025\/11\/Instagram_NG.png\" alt=\"instagram\"\/><\/a><br \/>\n                    <script async src=\"\/\/www.instagram.com\/embed.js\"><\/script><\/p>\n","protected":false},"excerpt":{"rendered":"Est\u00e1 o caldo entornado! N\u00e3o foi h\u00e1 muito tempo que nasceu um romance na Casa dos Segredos: Dylan&hellip;\n","protected":false},"author":2,"featured_media":157279,"comment_status":"","ping_status":"","sticky":false,"template":"","format":"standard","meta":{"footnotes":""},"categories":[142],"tags":[2632,19105,114,115,15353,32,33,1315,151,162,11841],"class_list":{"0":"post-157278","1":"post","2":"type-post","3":"status-publish","4":"format-standard","5":"has-post-thumbnail","7":"category-tv","8":"tag-casa-dos-segredos","9":"tag-dylan","10":"tag-entertainment","11":"tag-entretenimento","12":"tag-ines","13":"tag-portugal","14":"tag-pt","15":"tag-secret-story","16":"tag-tv","17":"tag-tvi","18":"tag-vera"},"share_on_mastodon":{"url":"https:\/\/pubeurope.com\/@pt\/115574640846488315","error":""},"_links":{"self":[{"href":"https:\/\/www.europesays.com\/pt\/wp-json\/wp\/v2\/posts\/157278","targetHints":{"allow":["GET"]}}],"collection":[{"href":"https:\/\/www.europesays.com\/pt\/wp-json\/wp\/v2\/posts"}],"about":[{"href":"https:\/\/www.europesays.com\/pt\/wp-json\/wp\/v2\/types\/post"}],"author":[{"embeddable":true,"href":"https:\/\/www.europesays.com\/pt\/wp-json\/wp\/v2\/users\/2"}],"replies":[{"embeddable":true,"href":"https:\/\/www.europesays.com\/pt\/wp-json\/wp\/v2\/comments?post=157278"}],"version-history":[{"count":0,"href":"https:\/\/www.europesays.com\/pt\/wp-json\/wp\/v2\/posts\/157278\/revisions"}],"wp:featuredmedia":[{"embeddable":true,"href":"https:\/\/www.europesays.com\/pt\/wp-json\/wp\/v2\/media\/157279"}],"wp:attachment":[{"href":"https:\/\/www.europesays.com\/pt\/wp-json\/wp\/v2\/media?parent=157278"}],"wp:term":[{"taxonomy":"category","embeddable":true,"href":"https:\/\/www.europesays.com\/pt\/wp-json\/wp\/v2\/categories?post=157278"},{"taxonomy":"post_tag","embeddable":true,"href":"https:\/\/www.europesays.com\/pt\/wp-json\/wp\/v2\/tags?post=157278"}],"curies":[{"name":"wp","href":"https:\/\/api.w.org\/{rel}","templated":true}]}}