{"id":157280,"date":"2025-11-19T05:09:16","date_gmt":"2025-11-19T05:09:16","guid":{"rendered":"https:\/\/www.europesays.com\/pt\/157280\/"},"modified":"2025-11-19T05:09:16","modified_gmt":"2025-11-19T05:09:16","slug":"com-tesla-e-extreme-motley-crue-anuncia-turne-celebrando-45-anos-de-carreira","status":"publish","type":"post","link":"https:\/\/www.europesays.com\/pt\/157280\/","title":{"rendered":"Com Tesla e Extreme, M\u00f6tley Cr\u00fce anuncia turn\u00ea celebrando 45 anos de carreira"},"content":{"rendered":"<p>O M\u00f6tley Cr\u00fce confirmou o retorno \u00e0 estrada em 2026 com uma turn\u00ea que percorrer\u00e1 a Am\u00e9rica do Norte entre julho e setembro. O giro se chamar\u00e1 &#8220;The Return of Carnival of Sins&#8221; e celebrar\u00e1 dois marcos na hist\u00f3ria do grupo: os 45 anos de sua funda\u00e7\u00e3o e os 20 da excurs\u00e3o &#8220;Carnival of Sins&#8221;, que marcou o segundo retorno da forma\u00e7\u00e3o original.<\/p>\n<p><a href=\"https:\/\/whiplash.net\/bandas\/m\/motleycrue.html\" class=\"linkBotao\" rel=\"nofollow noopener\" target=\"_blank\">Motley Crue &#8211; Mais Novidades<\/a><br \/><a target=\"_blank\" href=\"https:\/\/www.europesays.com\/pt\/wp-content\/uploads\/2025\/11\/motley_crue_carnival_2026.jpg\"><img loading=\"lazy\" decoding=\"async\" src=\"https:\/\/www.europesays.com\/pt\/wp-content\/uploads\/2025\/11\/motley_crue_carnival_2026.jpg\" class=\"widthConstrained\" width=\"700\" height=\"700\" alt=\"\"\/><\/a><\/p>\n<p>CONTINUA DEPOIS DA PUBLICIDADE &#8211; CLI<\/p>\n<p>&#13;<br \/>\n&#13;<br \/>\n&#13;<br \/>\n&#13;<br \/>\n&#13;<br \/>\n&#13;<br \/>\n&#13;<br \/>\n&#13;<br \/>\n<a href=\"https:\/\/whiplash.net\/materias\/whiplash\/027002.html\" rel=\"nofollow noopener\" target=\"_blank\"><img decoding=\"async\" src=\"https:\/\/www.europesays.com\/pt\/wp-content\/uploads\/2025\/10\/1760413028_813_anunciar_diabo_336x280.gif\" loading=\"lazy\" width=\"336\" height=\"280\" class=\"widthConstrained\" style=\"background-color:#000000;display:block;\" alt=\"Anunciar bandas e shows de Rock e Heavy Metal\"\/><\/a>&#13;<\/p>\n<p>As datas podem ser conferidas na imagem abaixo. O grupo ser\u00e1 acompanhado por Tesla e Extreme \u2013 <a href=\"https:\/\/whiplash.net\/materias\/news_677\/374355-extreme.html\" rel=\"nofollow noopener\" target=\"_blank\">que vem ao Brasil antes, participando da pr\u00f3xima edi\u00e7\u00e3o do Monsters of Rock<\/a> \u2013 como atra\u00e7\u00f5es de abertura.<\/p>\n<p>Ser\u00e1 a primeira vez que o Cr\u00fce far\u00e1 uma turn\u00ea completa ap\u00f3s 2023, quando realizou a &#8220;The World Tour&#8221; em parceria com o <a href=\"https:\/\/whiplash.net\/bandas\/d\/defleppard.html\" class=\"hotwords\" rel=\"nofollow noopener\" target=\"_blank\">Def Leppard<\/a>. Desde ent\u00e3o, o quarteto se dedicou a temporadas em Las Vegas. Recentemente, o vocalista <a href=\"https:\/\/whiplash.net\/bandas\/v\/vinceneil.html\" class=\"hotwords\" rel=\"nofollow noopener\" target=\"_blank\">Vince Neil<\/a> sofreu um AVC, o que travou todos os planos da banda at\u00e9 sua recupera\u00e7\u00e3o, que segue em andamento.<\/p>\n<p>Fundado em Hollywood no ano de 1981, o M\u00f6tley Cr\u00fce vendeu mais de 100 milh\u00f5es de c\u00f3pias dos seus \u00e1lbuns de est\u00fadio em todo o planeta. Al\u00e9m de Neil, a forma\u00e7\u00e3o atual conta com outros dois membros originais, o baixista <a href=\"https:\/\/whiplash.net\/bandas\/n\/nikkisixx.html\" class=\"hotwords\" rel=\"nofollow noopener\" target=\"_blank\">Nikki Sixx<\/a> e o baterista <a href=\"https:\/\/whiplash.net\/bandas\/t\/tommylee.html\" class=\"hotwords\" rel=\"nofollow noopener\" target=\"_blank\">Tommy Lee<\/a>. O guitarrista John 5, ex-David Lee Roth, <a href=\"https:\/\/whiplash.net\/bandas\/m\/marilynmanson.html\" class=\"hotwords\" rel=\"nofollow noopener\" target=\"_blank\">Marilyn Manson<\/a> e <a href=\"https:\/\/whiplash.net\/bandas\/r\/robzombie.html\" class=\"hotwords\" rel=\"nofollow noopener\" target=\"_blank\">Rob Zombie<\/a>, completa o lineup.<\/p>\n<p>CONTINUA DEPOIS DA PUBLICIDADE &#8211; GOO<\/p>\n<p>&#13;<br \/>\n&#13;<br \/>\n&#13;<br \/>\n&#13;<br \/>\n<a href=\"https:\/\/whiplash.net\/materias\/whiplash\/027002.html\" rel=\"nofollow noopener\" target=\"_blank\"><img decoding=\"async\" src=\"https:\/\/www.europesays.com\/pt\/wp-content\/uploads\/2025\/10\/1760413028_813_anunciar_diabo_336x280.gif\" loading=\"lazy\" width=\"336\" height=\"280\" alt=\"Anunciar no Whiplash.Net\"\/><\/a>&#13;<br \/>\n&#13;<br \/>\n&#13;<br \/>\n&#13;<br \/>\n&#13;<br \/>\n&#13;<br \/>\n<a href=\"https:\/\/whiplash.net\/materias\/whiplash\/027002.html\" rel=\"nofollow noopener\" target=\"_blank\"><img decoding=\"async\" src=\"https:\/\/www.europesays.com\/pt\/wp-content\/uploads\/2025\/10\/1760413028_813_anunciar_diabo_336x280.gif\" loading=\"lazy\" width=\"336\" height=\"280\" class=\"widthConstrained\" style=\"background-color:#000000;display:block;\" alt=\"Anunciar bandas e shows de Rock e Heavy Metal\"\/><\/a>&#13;<\/p>\n","protected":false},"excerpt":{"rendered":"O M\u00f6tley Cr\u00fce confirmou o retorno \u00e0 estrada em 2026 com uma turn\u00ea que percorrer\u00e1 a Am\u00e9rica do&hellip;\n","protected":false},"author":2,"featured_media":157281,"comment_status":"","ping_status":"","sticky":false,"template":"","format":"standard","meta":{"footnotes":""},"categories":[141],"tags":[114,115,149,150,32,33],"class_list":{"0":"post-157280","1":"post","2":"type-post","3":"status-publish","4":"format-standard","5":"has-post-thumbnail","7":"category-musica","8":"tag-entertainment","9":"tag-entretenimento","10":"tag-music","11":"tag-musica","12":"tag-portugal","13":"tag-pt"},"share_on_mastodon":{"url":"https:\/\/pubeurope.com\/@pt\/115574641022975173","error":""},"_links":{"self":[{"href":"https:\/\/www.europesays.com\/pt\/wp-json\/wp\/v2\/posts\/157280","targetHints":{"allow":["GET"]}}],"collection":[{"href":"https:\/\/www.europesays.com\/pt\/wp-json\/wp\/v2\/posts"}],"about":[{"href":"https:\/\/www.europesays.com\/pt\/wp-json\/wp\/v2\/types\/post"}],"author":[{"embeddable":true,"href":"https:\/\/www.europesays.com\/pt\/wp-json\/wp\/v2\/users\/2"}],"replies":[{"embeddable":true,"href":"https:\/\/www.europesays.com\/pt\/wp-json\/wp\/v2\/comments?post=157280"}],"version-history":[{"count":0,"href":"https:\/\/www.europesays.com\/pt\/wp-json\/wp\/v2\/posts\/157280\/revisions"}],"wp:featuredmedia":[{"embeddable":true,"href":"https:\/\/www.europesays.com\/pt\/wp-json\/wp\/v2\/media\/157281"}],"wp:attachment":[{"href":"https:\/\/www.europesays.com\/pt\/wp-json\/wp\/v2\/media?parent=157280"}],"wp:term":[{"taxonomy":"category","embeddable":true,"href":"https:\/\/www.europesays.com\/pt\/wp-json\/wp\/v2\/categories?post=157280"},{"taxonomy":"post_tag","embeddable":true,"href":"https:\/\/www.europesays.com\/pt\/wp-json\/wp\/v2\/tags?post=157280"}],"curies":[{"name":"wp","href":"https:\/\/api.w.org\/{rel}","templated":true}]}}