{"id":157284,"date":"2025-11-19T05:19:09","date_gmt":"2025-11-19T05:19:09","guid":{"rendered":"https:\/\/www.europesays.com\/pt\/157284\/"},"modified":"2025-11-19T05:19:09","modified_gmt":"2025-11-19T05:19:09","slug":"ze-felipe-e-ana-castela-beijam-muito-em-gravacao-fotos","status":"publish","type":"post","link":"https:\/\/www.europesays.com\/pt\/157284\/","title":{"rendered":"Z\u00e9 Felipe e Ana Castela beijam muito (!!!) em grava\u00e7\u00e3o; fotos"},"content":{"rendered":"\n<p class=\" content-text__container \" data-track-category=\"Link no Texto\" data-track-links=\"\"> No maior romance, os dois trocaram abra\u00e7os, carinhos e muitos, mas muitos beijos diante das c\u00e2meras! Al\u00e9m deles, outros famosos tamb\u00e9m estiveram na grava\u00e7\u00e3o do especial, como<strong> Michele Castela <\/strong>e <strong>Rodrigo Castela<\/strong>, pais da Boiadeira, a apresentadora <a class=\"\" href=\"https:\/\/revistaquem.globo.com\/famoso\/helen-ganzarolli\/\" rel=\"nofollow noopener\" target=\"_blank\">Helen Ganzarolli<\/a> (que foi com o namorado, <strong>Leandro Gaidies<\/strong>), e o influenciador <strong>Odorico Reis<\/strong>, um dos melhores amigos de Ana. <\/p>\n","protected":false},"excerpt":{"rendered":"No maior romance, os dois trocaram abra\u00e7os, carinhos e muitos, mas muitos beijos diante das c\u00e2meras! Al\u00e9m deles,&hellip;\n","protected":false},"author":2,"featured_media":157285,"comment_status":"","ping_status":"","sticky":false,"template":"","format":"standard","meta":{"footnotes":""},"categories":[145],"tags":[13762,211,210,114,115,33736,32,33,1445],"class_list":{"0":"post-157284","1":"post","2":"type-post","3":"status-publish","4":"format-standard","5":"has-post-thumbnail","7":"category-celebridades","8":"tag-ana-castela","9":"tag-celebridades","10":"tag-celebrities","11":"tag-entertainment","12":"tag-entretenimento","13":"tag-helen-ganzarolli","14":"tag-portugal","15":"tag-pt","16":"tag-ze-felipe"},"share_on_mastodon":{"url":"https:\/\/pubeurope.com\/@pt\/115574679989474501","error":""},"_links":{"self":[{"href":"https:\/\/www.europesays.com\/pt\/wp-json\/wp\/v2\/posts\/157284","targetHints":{"allow":["GET"]}}],"collection":[{"href":"https:\/\/www.europesays.com\/pt\/wp-json\/wp\/v2\/posts"}],"about":[{"href":"https:\/\/www.europesays.com\/pt\/wp-json\/wp\/v2\/types\/post"}],"author":[{"embeddable":true,"href":"https:\/\/www.europesays.com\/pt\/wp-json\/wp\/v2\/users\/2"}],"replies":[{"embeddable":true,"href":"https:\/\/www.europesays.com\/pt\/wp-json\/wp\/v2\/comments?post=157284"}],"version-history":[{"count":0,"href":"https:\/\/www.europesays.com\/pt\/wp-json\/wp\/v2\/posts\/157284\/revisions"}],"wp:featuredmedia":[{"embeddable":true,"href":"https:\/\/www.europesays.com\/pt\/wp-json\/wp\/v2\/media\/157285"}],"wp:attachment":[{"href":"https:\/\/www.europesays.com\/pt\/wp-json\/wp\/v2\/media?parent=157284"}],"wp:term":[{"taxonomy":"category","embeddable":true,"href":"https:\/\/www.europesays.com\/pt\/wp-json\/wp\/v2\/categories?post=157284"},{"taxonomy":"post_tag","embeddable":true,"href":"https:\/\/www.europesays.com\/pt\/wp-json\/wp\/v2\/tags?post=157284"}],"curies":[{"name":"wp","href":"https:\/\/api.w.org\/{rel}","templated":true}]}}