{"id":157301,"date":"2025-11-19T05:51:18","date_gmt":"2025-11-19T05:51:18","guid":{"rendered":"https:\/\/www.europesays.com\/pt\/157301\/"},"modified":"2025-11-19T05:51:18","modified_gmt":"2025-11-19T05:51:18","slug":"eminem-aciona-justica-nos-eua-contra-marca-australiana-de-artigos-de-praia-por-uso-de-nome-semelhante-gestao","status":"publish","type":"post","link":"https:\/\/www.europesays.com\/pt\/157301\/","title":{"rendered":"Eminem aciona Justi\u00e7a nos EUA contra marca australiana de artigos de praia por uso de nome semelhante | Gest\u00e3o"},"content":{"rendered":"\n<p class=\" content-text__container \" data-track-category=\"Link no Texto\" data-track-links=\"\"> Em setembro, Eminem \u2014 cujo nome real \u00e9 Marshall B. Mathers III \u2014 entrou com uma peti\u00e7\u00e3o no Escrit\u00f3rio de Patentes e Marcas dos Estados Unidos para cancelar o registro concedido \u00e0 companhia. De acordo com a BBC, a legisla\u00e7\u00e3o americana determina que a empresa responda ao pedido at\u00e9 a pr\u00f3xima semana. <\/p>\n<p class=\" content-text__container \" data-track-category=\"Link no Texto\" data-track-links=\"\"> Segundo os advogados do artista, a marca sediada em Sydney estaria criando uma \u201cfalsa associa\u00e7\u00e3o\u201d com o rapper, cuja carreira ganhou proje\u00e7\u00e3o mundial em 2000 com o lan\u00e7amento do hit The Real Slim Shady, vencedor do Grammy de melhor performance solo de rap. <\/p>\n","protected":false},"excerpt":{"rendered":"Em setembro, Eminem \u2014 cujo nome real \u00e9 Marshall B. Mathers III \u2014 entrou com uma peti\u00e7\u00e3o no&hellip;\n","protected":false},"author":2,"featured_media":157302,"comment_status":"","ping_status":"","sticky":false,"template":"","format":"standard","meta":{"footnotes":""},"categories":[141],"tags":[114,115,149,150,32,33],"class_list":{"0":"post-157301","1":"post","2":"type-post","3":"status-publish","4":"format-standard","5":"has-post-thumbnail","7":"category-musica","8":"tag-entertainment","9":"tag-entretenimento","10":"tag-music","11":"tag-musica","12":"tag-portugal","13":"tag-pt"},"share_on_mastodon":{"url":"https:\/\/pubeurope.com\/@pt\/115574805821594881","error":""},"_links":{"self":[{"href":"https:\/\/www.europesays.com\/pt\/wp-json\/wp\/v2\/posts\/157301","targetHints":{"allow":["GET"]}}],"collection":[{"href":"https:\/\/www.europesays.com\/pt\/wp-json\/wp\/v2\/posts"}],"about":[{"href":"https:\/\/www.europesays.com\/pt\/wp-json\/wp\/v2\/types\/post"}],"author":[{"embeddable":true,"href":"https:\/\/www.europesays.com\/pt\/wp-json\/wp\/v2\/users\/2"}],"replies":[{"embeddable":true,"href":"https:\/\/www.europesays.com\/pt\/wp-json\/wp\/v2\/comments?post=157301"}],"version-history":[{"count":0,"href":"https:\/\/www.europesays.com\/pt\/wp-json\/wp\/v2\/posts\/157301\/revisions"}],"wp:featuredmedia":[{"embeddable":true,"href":"https:\/\/www.europesays.com\/pt\/wp-json\/wp\/v2\/media\/157302"}],"wp:attachment":[{"href":"https:\/\/www.europesays.com\/pt\/wp-json\/wp\/v2\/media?parent=157301"}],"wp:term":[{"taxonomy":"category","embeddable":true,"href":"https:\/\/www.europesays.com\/pt\/wp-json\/wp\/v2\/categories?post=157301"},{"taxonomy":"post_tag","embeddable":true,"href":"https:\/\/www.europesays.com\/pt\/wp-json\/wp\/v2\/tags?post=157301"}],"curies":[{"name":"wp","href":"https:\/\/api.w.org\/{rel}","templated":true}]}}