{"id":157311,"date":"2025-11-19T06:04:45","date_gmt":"2025-11-19T06:04:45","guid":{"rendered":"https:\/\/www.europesays.com\/pt\/157311\/"},"modified":"2025-11-19T06:04:45","modified_gmt":"2025-11-19T06:04:45","slug":"polemica-na-gala-do-ss9-mae-de-dylan-compara-ines-a-vera-e-a-ex-concorrente-responde-assim-secret-story","status":"publish","type":"post","link":"https:\/\/www.europesays.com\/pt\/157311\/","title":{"rendered":"Pol\u00e9mica na gala do \u201cSS9\u201d: M\u00e3e de Dylan compara In\u00eas a Vera e a ex-concorrente responde assim &#8211; Secret Story"},"content":{"rendered":"<p>                            M\u00e3e de Dylan lan\u00e7a \u2018farpa\u2019 a Vera na gala do \u2018Secret Story 9\u2019 \u2014 e resposta chega horas depois <\/p>\n<p data-end=\"783\" data-start=\"463\">Este domingo, <strong data-end=\"495\" data-start=\"477\">16 de novembro<\/strong>, foi noite de mais uma intensa gala do <a href=\"https:\/\/tvi.iol.pt\/secretstory\/\" rel=\"nofollow noopener\" target=\"_blank\"><strong data-end=\"555\" data-start=\"535\">\u201cSecret Story 9\u201d<\/strong><\/a>, conduzida por <a href=\"https:\/\/tvi.iol.pt\/secretstory\/search?pagina=1&amp;pesquisa=cristina+ferreira\" rel=\"nofollow noopener\" target=\"_blank\"><strong data-end=\"592\" data-start=\"571\">Cristina Ferreira<\/strong><\/a>, na TVI. Antes de serem revelados os resultados das vota\u00e7\u00f5es, a apresentadora conversou brevemente com a m\u00e3e de Dylan\u2026 e surgiu um momento inesperado.<\/p>\n<p data-end=\"1087\" data-start=\"785\">Enquanto dialogava com <strong data-end=\"823\" data-start=\"808\">Rosa Ara\u00fajo<\/strong>, m\u00e3e de <a href=\"https:\/\/tvi.iol.pt\/secretstory\/search?pagina=1&amp;pesquisa=dylan\" rel=\"nofollow noopener\" target=\"_blank\"><strong data-end=\"841\" data-start=\"832\">Dylan<\/strong><\/a>, Cristina Ferreira n\u00e3o resistiu a abordar a rela\u00e7\u00e3o do concorrente com <a href=\"https:\/\/tvi.iol.pt\/secretstory\/search?pagina=1&amp;pesquisa=in%C3%AAs\" rel=\"nofollow noopener\" target=\"_blank\"><strong data-end=\"912\" data-start=\"904\">In\u00eas<\/strong><\/a>\u00a0dentro da casa. Com o seu habitual tom descontra\u00eddo, perguntou: \u201cEnt\u00e3o e a sua nora?\u201d \u2014 numa refer\u00eancia direta \u00e0 jovem com quem o filho tem demonstrado grande cumplicidade.<\/p>\n<p data-end=\"1184\" data-start=\"1089\">A m\u00e3e de Dylan respondeu sem rodeios:\u00a0<strong data-end=\"1184\" data-start=\"1129\">\u201cAh, n\u00e3o posso dizer nada. Eu n\u00e3o conhe\u00e7o a mi\u00fada.\u201d<\/strong><\/p>\n<p data-end=\"1415\" data-start=\"1186\">Mas foi a frase seguinte que apanhou todos de surpresa \u2014 e que rapidamente se destacou nas redes sociais. Confrontada por Cristina sobre se acredita que a rela\u00e7\u00e3o \u201cvai dar resultado\u201d, Rosa atirou:\u00a0<strong data-end=\"1415\" data-start=\"1385\">\u201cPrefiro esta que a Vera.\u201d<\/strong><\/p>\n<p data-end=\"1415\" data-start=\"1186\">\u00a0<\/p>\n<p data-end=\"1415\" data-start=\"1186\">A refer\u00eancia a <a href=\"https:\/\/tvi.iol.pt\/secretstory\/search?pagina=1&amp;pesquisa=vera\" rel=\"nofollow noopener\" target=\"_blank\"><strong data-end=\"1440\" data-start=\"1432\">Vera<\/strong><\/a>, ex-concorrente que teve um curto envolvimento com Dylan dentro da casa, n\u00e3o passou despercebida.<\/p>\n<p data-end=\"1758\" data-start=\"1540\">Poucas horas depois, j\u00e1 esta segunda-feira, a jovem parece ter reagido \u00e0 indireta. No Instagram, publicou uma fotografia acompanhada da frase:\u00a0<strong data-end=\"1758\" data-start=\"1685\">\u201cAt\u00e9 o meu gloss tem mais qualidade que certas bocas que saem \u00e0 rua.\u201d<\/strong><\/p>\n<p data-end=\"1758\" data-start=\"1540\">\u00a0<\/p>\n<p data-end=\"1758\" data-start=\"1540\"><img loading=\"lazy\" decoding=\"async\" alt=\"Vera \" height=\"1775\" src=\"https:\/\/www.europesays.com\/pt\/wp-content\/uploads\/2025\/11\/1763532285_751_1000.webp\" width=\"1000\"\/><\/p>\n<p data-end=\"1758\" data-start=\"1540\">\u00a0<\/p>\n<p data-end=\"1758\" data-start=\"1540\">Uma mensagem que muitos seguidores interpretaram como resposta direta \u00e0 afirma\u00e7\u00e3o da m\u00e3e de Dylan.<\/p>\n<p data-end=\"2028\" data-start=\"1860\">O momento da gala \u2014 marcado por surpresa, tens\u00e3o e muitas rea\u00e7\u00f5es online \u2014 j\u00e1 est\u00e1 a circular entre os f\u00e3s do formato.<br data-end=\"1981\" data-start=\"1978\"\/> \u00a0<\/p>\n<p data-end=\"2028\" data-start=\"1860\"><strong data-end=\"2028\" data-start=\"1981\">Veja, em cima, o v\u00eddeo do momento que marcou a noite.<\/strong><\/p>\n","protected":false},"excerpt":{"rendered":"M\u00e3e de Dylan lan\u00e7a \u2018farpa\u2019 a Vera na gala do \u2018Secret Story 9\u2019 \u2014 e resposta chega horas&hellip;\n","protected":false},"author":2,"featured_media":157312,"comment_status":"","ping_status":"","sticky":false,"template":"","format":"standard","meta":{"footnotes":""},"categories":[142],"tags":[18706,19105,114,115,18705,19900,22722,15353,33741,32,33,1014,548,151,162,11841,18704],"class_list":{"0":"post-157311","1":"post","2":"type-post","3":"status-publish","4":"format-standard","5":"has-post-thumbnail","7":"category-tv","8":"tag-bastidores-secret-story","9":"tag-dylan","10":"tag-entertainment","11":"tag-entretenimento","12":"tag-entrevistas-concorrentes-tvi","13":"tag-farpa","14":"tag-gala-secret-story","15":"tag-ines","16":"tag-mae-de-dylan","17":"tag-portugal","18":"tag-pt","19":"tag-reality-show","20":"tag-redes-sociais","21":"tag-tv","22":"tag-tvi","23":"tag-vera","24":"tag-vida-fora-da-casa"},"share_on_mastodon":{"url":"https:\/\/pubeurope.com\/@pt\/115574857110359597","error":""},"_links":{"self":[{"href":"https:\/\/www.europesays.com\/pt\/wp-json\/wp\/v2\/posts\/157311","targetHints":{"allow":["GET"]}}],"collection":[{"href":"https:\/\/www.europesays.com\/pt\/wp-json\/wp\/v2\/posts"}],"about":[{"href":"https:\/\/www.europesays.com\/pt\/wp-json\/wp\/v2\/types\/post"}],"author":[{"embeddable":true,"href":"https:\/\/www.europesays.com\/pt\/wp-json\/wp\/v2\/users\/2"}],"replies":[{"embeddable":true,"href":"https:\/\/www.europesays.com\/pt\/wp-json\/wp\/v2\/comments?post=157311"}],"version-history":[{"count":0,"href":"https:\/\/www.europesays.com\/pt\/wp-json\/wp\/v2\/posts\/157311\/revisions"}],"wp:featuredmedia":[{"embeddable":true,"href":"https:\/\/www.europesays.com\/pt\/wp-json\/wp\/v2\/media\/157312"}],"wp:attachment":[{"href":"https:\/\/www.europesays.com\/pt\/wp-json\/wp\/v2\/media?parent=157311"}],"wp:term":[{"taxonomy":"category","embeddable":true,"href":"https:\/\/www.europesays.com\/pt\/wp-json\/wp\/v2\/categories?post=157311"},{"taxonomy":"post_tag","embeddable":true,"href":"https:\/\/www.europesays.com\/pt\/wp-json\/wp\/v2\/tags?post=157311"}],"curies":[{"name":"wp","href":"https:\/\/api.w.org\/{rel}","templated":true}]}}