{"id":157317,"date":"2025-11-19T06:13:11","date_gmt":"2025-11-19T06:13:11","guid":{"rendered":"https:\/\/www.europesays.com\/pt\/157317\/"},"modified":"2025-11-19T06:13:11","modified_gmt":"2025-11-19T06:13:11","slug":"joana-amaral-dias-entre-os-presidenciaveis-convidados-pela-camara-de-oeiras-a-debater-com-jovens-estudantes","status":"publish","type":"post","link":"https:\/\/www.europesays.com\/pt\/157317\/","title":{"rendered":"Joana Amaral Dias entre os &#8216;presidenci\u00e1veis&#8217; convidados pela C\u00e2mara de Oeiras a debater com jovens estudantes"},"content":{"rendered":"<p>A psic\u00f3loga cl\u00ednica e comentadora Joana Amaral Dias encontra-se entre os seis candidatos presidenciais que confirmaram a presen\u00e7a na iniciativa Dia da Democracia, que vai envolver conversas com alunos das escolas secund\u00e1rias de Oeiras, marcado para 11 de dezembro, no Taguspark.<\/p>\n<p>Segundo infoma\u00e7\u00e3o disponibilizada nesta ter\u00e7a-feira pela C\u00e2mara de Oeiras, <strong>tamb\u00e9m \u00e9 certa a participa\u00e7\u00e3o de Ant\u00f3nio Filipe, Ant\u00f3nio Jos\u00e9 Seguro, Catarina Martins, Henrique Gouveia e Melo e Jo\u00e3o Cotrim de Figueiredo,<\/strong> enquanto Andr\u00e9 Ventura e Marques Mendes n\u00e3o t\u00eam a presen\u00e7a confirmada.<\/p>\n<p>Fonte oficial da C\u00e2mara de Oeiras disse ao DN que <strong>o deputado Jorge Pinto, candidato apoiado pelo Livre, e que \u00e9 um dos oito participantes nos debates televisivos transmitidos pela RTP, SIC e TVI, foi convidado pela organiza\u00e7\u00e3o, mas n\u00e3o teve disponibilidade<\/strong> para ir ao Taguspark nessa data. E s\u00f3 ent\u00e3o ter\u00e1 sido convidada Joana Amaral Dias, que avan\u00e7a para a corrida a Bel\u00e9m com apoio do ADN, que lhe estar\u00e1 a pagar quatro mil euros mensais por servi\u00e7os de consultoria, <a aria-label=\"content\" target=\"_blank\" href=\"https:\/\/www.dn.pt\/pol%C3%ADtica\/juristas-dizem-que-pagamento-a-joana-amaral-dias-pode-ser-fraudulento\" rel=\"nofollow noopener\">o que juristas ouvidos pelo DN consideram &#8220;uma situa\u00e7\u00e3o muito irregular&#8221;<\/a>.<\/p>\n<p><strong>Complicada dever\u00e1 ser a participa\u00e7\u00e3o de Andr\u00e9 Ventura e Marques Mendes na terceira edi\u00e7\u00e3o do Dia da Democracia, tendo em conta a rela\u00e7\u00e3o do presidente da C\u00e2mara de Oeiras, Isaltino Morais, apoiante declarado de Gouveia e Melo, com esses dois candidatos presidenciais.<\/strong> A sa\u00edda do autarca oeirense do PSD deu-se quando Mendes liderava o partido, descrevendo recentemente o conselheiro de Estado como um &#8220;pol\u00edtico com toda a manhosidade&#8221;, enquanto o l\u00edder do Chega \u00e9 assiduamente referido como &#8220;andr\u00e9zito&#8221; em v\u00eddeos partilhados nas redes sociais de Isaltino. O DN contactou as candidaturas, mas n\u00e3o obteve resposta quanto \u00e0 presen\u00e7a de qualquer um deles no Taguspark.<\/p>\n<p><strong>O Dia da Democracia ser\u00e1 uma sess\u00e3o realizada a 11 de dezembro, entre as 9h30 e as 17h15, no audit\u00f3rio do Taguspark.<\/strong> Os alunos das escolas secund\u00e1rias de Oeiras t\u00eam at\u00e9 dia 23 de novembro para se inscreverem, <a aria-label=\"content\" target=\"_blank\" href=\"https:\/\/diademocracia.oeiras.pt\/\" rel=\"nofollow noopener\">atrav\u00e9s do site da iniciativa<\/a> que &#8220;visa envolver os jovens com a pol\u00edtica e promover a cidadania participativa&#8221;.<\/p>\n<p>Al\u00e9m das conversas com os candidatos, os alunos ter\u00e3o bancas informativas e jogos relacionados com pol\u00edtica.<\/p>\n","protected":false},"excerpt":{"rendered":"A psic\u00f3loga cl\u00ednica e comentadora Joana Amaral Dias encontra-se entre os seis candidatos presidenciais que confirmaram a presen\u00e7a&hellip;\n","protected":false},"author":2,"featured_media":157318,"comment_status":"","ping_status":"","sticky":false,"template":"","format":"standard","meta":{"footnotes":""},"categories":[10],"tags":[3386,17462,3399,27,28,33743,21811,15,16,9498,14,18661,33744,17460,28245,25,26,21,22,24788,12,13,19,20,32,1076,23,24,33,33742,17,18,29,30,31],"class_list":{"0":"post-157317","1":"post","2":"type-post","3":"status-publish","4":"format-standard","5":"has-post-thumbnail","7":"category-portugal","8":"tag-andre-ventura","9":"tag-antonio-filipe","10":"tag-antonio-jose-seguro","11":"tag-breaking-news","12":"tag-breakingnews","13":"tag-camara-de-oeiras","14":"tag-catarina-martins","15":"tag-featured-news","16":"tag-featurednews","17":"tag-gouveia-e-melo","18":"tag-headlines","19":"tag-isaltino-morais","20":"tag-joana-amaral-dias","21":"tag-joao-cotrim-de-figueiredo","22":"tag-jorge-pinto","23":"tag-latest-news","24":"tag-latestnews","25":"tag-main-news","26":"tag-mainnews","27":"tag-marques-mendes","28":"tag-news","29":"tag-noticias","30":"tag-noticias-principais","31":"tag-noticiasprincipais","32":"tag-portugal","33":"tag-presidenciais-2026","34":"tag-principais-noticias","35":"tag-principaisnoticias","36":"tag-pt","37":"tag-taguspark","38":"tag-top-stories","39":"tag-topstories","40":"tag-ultimas","41":"tag-ultimas-noticias","42":"tag-ultimasnoticias"},"share_on_mastodon":{"url":"","error":"Validation failed: Text character limit of 500 exceeded"},"_links":{"self":[{"href":"https:\/\/www.europesays.com\/pt\/wp-json\/wp\/v2\/posts\/157317","targetHints":{"allow":["GET"]}}],"collection":[{"href":"https:\/\/www.europesays.com\/pt\/wp-json\/wp\/v2\/posts"}],"about":[{"href":"https:\/\/www.europesays.com\/pt\/wp-json\/wp\/v2\/types\/post"}],"author":[{"embeddable":true,"href":"https:\/\/www.europesays.com\/pt\/wp-json\/wp\/v2\/users\/2"}],"replies":[{"embeddable":true,"href":"https:\/\/www.europesays.com\/pt\/wp-json\/wp\/v2\/comments?post=157317"}],"version-history":[{"count":0,"href":"https:\/\/www.europesays.com\/pt\/wp-json\/wp\/v2\/posts\/157317\/revisions"}],"wp:featuredmedia":[{"embeddable":true,"href":"https:\/\/www.europesays.com\/pt\/wp-json\/wp\/v2\/media\/157318"}],"wp:attachment":[{"href":"https:\/\/www.europesays.com\/pt\/wp-json\/wp\/v2\/media?parent=157317"}],"wp:term":[{"taxonomy":"category","embeddable":true,"href":"https:\/\/www.europesays.com\/pt\/wp-json\/wp\/v2\/categories?post=157317"},{"taxonomy":"post_tag","embeddable":true,"href":"https:\/\/www.europesays.com\/pt\/wp-json\/wp\/v2\/tags?post=157317"}],"curies":[{"name":"wp","href":"https:\/\/api.w.org\/{rel}","templated":true}]}}