{"id":157319,"date":"2025-11-19T06:15:09","date_gmt":"2025-11-19T06:15:09","guid":{"rendered":"https:\/\/www.europesays.com\/pt\/157319\/"},"modified":"2025-11-19T06:15:09","modified_gmt":"2025-11-19T06:15:09","slug":"mae-de-filho-do-ronaldinho-gaucho-vira-influenciadora-fitness-e-abre-empresa-na-espanha","status":"publish","type":"post","link":"https:\/\/www.europesays.com\/pt\/157319\/","title":{"rendered":"M\u00e3e de filho do Ronaldinho Ga\u00facho vira influenciadora fitness e abre empresa na Espanha"},"content":{"rendered":"\n<p>Vivendo em Barcelona desde 2023, quando trocou Belo Horizonte pela cidade espanhola para acompanhar o filho, Jana\u00edna Mendes j\u00e1 vinha dando os primeiros passos como influenciadora. Agora, aos 41 anos, a m\u00e3e do \u00fanico filho de Ronaldinho Ga\u00facho decidiu investir de vez no mundo digital com foco na \u00e1rea fitness, e acaba de abrir uma empresa de bem-estar e autocuidado.<\/p>\n<p>&#8220;Disciplina depois dos 40, sem atalhos. Te mostro como recome\u00e7ar com equil\u00edbrio. Junte-se a mim&#8221;, avisa Jana\u00edna logo na descri\u00e7\u00e3o de seu perfil no Instagram, onde posta v\u00eddeos durante seu treinamento com frases motivacionais: &#8220;N\u00e3o \u00e9 sobre quanto peso voc\u00ea levanta. \u00c9 sobre ter levantado da cama e ter feito acontecer&#8221;.<\/p>\n<p>Em paralelo \u00e0 vida digital, Jana\u00edna Mendes tem os cuidados com a filha ca\u00e7ula, fruto de um outro relacionamento. Ela precisa lidar tamb\u00e9m com a saudade do primog\u00eanito e da neta, Teresa, que moram longe dela. Contratado pelo clube ingl\u00eas Hull City, Jo\u00e3o Mendes vive com a mulher, a influenciadora Giovana Buscacio, e a filha na Inglaterra.<\/p>\n<p>Jana\u00edna Mendes e Ronaldinho Ga\u00facho tiveram um breve romance na \u00e9poca em que ela trabalhava como bailarina do &#8220;Doming\u00e3o do Faust\u00e3o&#8221;. Hoje, eles mant\u00eam uma boa rela\u00e7\u00e3o.<\/p>\n","protected":false},"excerpt":{"rendered":"Vivendo em Barcelona desde 2023, quando trocou Belo Horizonte pela cidade espanhola para acompanhar o filho, Jana\u00edna Mendes&hellip;\n","protected":false},"author":2,"featured_media":157320,"comment_status":"","ping_status":"","sticky":false,"template":"","format":"standard","meta":{"footnotes":""},"categories":[145],"tags":[1031,12703,1235,6846,538,211,210,26172,114,115,33682,1127,4031,33748,33745,5228,1015,33747,33749,33746,32,33,5870,27173,8218,9296],"class_list":{"0":"post-157319","1":"post","2":"type-post","3":"status-publish","4":"format-standard","5":"has-post-thumbnail","7":"category-celebridades","8":"tag-autocuidado","9":"tag-bailarina","10":"tag-barcelona","11":"tag-belo-horizonte","12":"tag-bem-estar","13":"tag-celebridades","14":"tag-celebrities","15":"tag-disciplina","16":"tag-entertainment","17":"tag-entretenimento","18":"tag-equilibrio","19":"tag-filha","20":"tag-fitness","21":"tag-giovana-buscacio","22":"tag-hull-city","23":"tag-influenciadora","24":"tag-instagram","25":"tag-janaina-mendes","26":"tag-joao-mendes","27":"tag-motivacao","28":"tag-portugal","29":"tag-pt","30":"tag-relacao","31":"tag-ronaldinho-gaucho","32":"tag-saudade","33":"tag-treinamento"},"share_on_mastodon":{"url":"https:\/\/pubeurope.com\/@pt\/115574900167217244","error":""},"_links":{"self":[{"href":"https:\/\/www.europesays.com\/pt\/wp-json\/wp\/v2\/posts\/157319","targetHints":{"allow":["GET"]}}],"collection":[{"href":"https:\/\/www.europesays.com\/pt\/wp-json\/wp\/v2\/posts"}],"about":[{"href":"https:\/\/www.europesays.com\/pt\/wp-json\/wp\/v2\/types\/post"}],"author":[{"embeddable":true,"href":"https:\/\/www.europesays.com\/pt\/wp-json\/wp\/v2\/users\/2"}],"replies":[{"embeddable":true,"href":"https:\/\/www.europesays.com\/pt\/wp-json\/wp\/v2\/comments?post=157319"}],"version-history":[{"count":0,"href":"https:\/\/www.europesays.com\/pt\/wp-json\/wp\/v2\/posts\/157319\/revisions"}],"wp:featuredmedia":[{"embeddable":true,"href":"https:\/\/www.europesays.com\/pt\/wp-json\/wp\/v2\/media\/157320"}],"wp:attachment":[{"href":"https:\/\/www.europesays.com\/pt\/wp-json\/wp\/v2\/media?parent=157319"}],"wp:term":[{"taxonomy":"category","embeddable":true,"href":"https:\/\/www.europesays.com\/pt\/wp-json\/wp\/v2\/categories?post=157319"},{"taxonomy":"post_tag","embeddable":true,"href":"https:\/\/www.europesays.com\/pt\/wp-json\/wp\/v2\/tags?post=157319"}],"curies":[{"name":"wp","href":"https:\/\/api.w.org\/{rel}","templated":true}]}}