{"id":157325,"date":"2025-11-19T06:39:08","date_gmt":"2025-11-19T06:39:08","guid":{"rendered":"https:\/\/www.europesays.com\/pt\/157325\/"},"modified":"2025-11-19T06:39:08","modified_gmt":"2025-11-19T06:39:08","slug":"cristiano-ronaldo-foi-jantar-com-donald-trump-e-elon-musk-eua","status":"publish","type":"post","link":"https:\/\/www.europesays.com\/pt\/157325\/","title":{"rendered":"Cristiano Ronaldo foi jantar com Donald Trump \u2014 e Elon Musk | EUA"},"content":{"rendered":"<p>Cristiano Ronaldo foi nesta ter\u00e7a-feira, 18 de Novembro, recebido pelo Presidente dos Estados Unidos da Am\u00e9rica. Apesar das visitas coincidirem, CR7 n\u00e3o integrou a comitiva real de Mohammed bin Salman (M.B.S.), pr\u00edncipe herdeiro da coroa da Ar\u00e1bia Saudita. O futebolista surgiu ao lado de Donald Trump perto das 19h locais (meia-noite em Portugal continental).<\/p>\n<p>Cristiano Ronaldo marcou presen\u00e7a num jantar com Trump e M.B.S., que teve lugar na Ala Leste da Casa Branca e que teve entre os convidados Elon Musk, noticiou a Reuters. Juntaram-se tamb\u00e9m a primeira-dama norte-americana, Melania Trump, e a noiva do capit\u00e3o da selec\u00e7\u00e3o nacional, Georgina Rodr\u00edguez.<\/p>\n<p>De acordo com a <a href=\"https:\/\/www.bbc.com\/news\/live\/cvgmypgrdn4t\" rel=\"nofollow noopener\" target=\"_blank\">BBC,<\/a> que seguiu a visita oficial de M.B.S. \u00e0 Casa Branca, Trump e <a href=\"https:\/\/www.publico.pt\/2017\/07\/03\/mundo\/noticia\/o-ambicioso-e-carismatico-vencedor-do-jogo-de-tronos-saudita-1777706\" rel=\"nofollow noopener\" target=\"_blank\">Bin Salman<\/a> apertaram as m\u00e3os em frente do edif\u00edcio. Depois da reuni\u00e3o, Donald Trump mostrou ao pr\u00edncipe herdeiro os retratos presidenciais de antigos l\u00edderes dos EUA.<\/p>\n<p>        &#13;<br \/>\n            &#13;<br \/>\n            &#13;<br \/>\n                 Donald Trump e Mohammed bin Salman, pr\u00edncipe herdeiro da Ar\u00e1bia Saudita, durante a visita oficial desta ter\u00e7a-feira \u00e0 Casa Branca&#13;<br \/>\n&#13;<br \/>\n&#13;<br \/>\nKevin Lamarque \/ REUTERS            &#13;<br \/>\n&#13;<\/p>\n<p>As reac\u00e7\u00f5es \u00e0 visita de Ronaldo<\/p>\n<p>Roberto Mart\u00ednez, seleccionador nacional, reagiu \u00e0 viagem de Cristiano Ronaldo e considerou que a ida de CR7 aos Estados Unidos era uma \u201cboa not\u00edcia\u201d para Portugal.<\/p>\n<p>\u201cO Cristiano, seja qual seja o seu trabalho ou o seu clube, representa a selec\u00e7\u00e3o e tamb\u00e9m o povo portugu\u00eas, esteja onde estiver. Ent\u00e3o, para n\u00f3s, \u00e9 uma boa not\u00edcia e eu acredito muito no que pode fazer como embaixador e ajudar com o seu exemplo, n\u00e3o s\u00f3 no futebol\u201d, disse o t\u00e9cnico na sua interven\u00e7\u00e3o no almo\u00e7o-debate promovido pelo International Club of Portugal, esta ter\u00e7a-feira, citado pelo jornal <a href=\"https:\/\/www.abola.pt\/noticias\/almoco-de-martinez-com-mundial-cristiano-etrump-no-menu-2025111816085202238\" rel=\"nofollow noopener\" target=\"_blank\">A Bola<\/a>.<\/p>\n<p>A visita de Cristiano Ronaldo \u00e0 Casa Branca n\u00e3o \u00e9 assim t\u00e3o inesperada. Ao facto de o <a href=\"https:\/\/www.publico.pt\/mundial-2026\" rel=\"nofollow noopener\" target=\"_blank\">Mundial 2026<\/a> ser organizado pelos EUA, junto com o Canad\u00e1 e com o M\u00e9xico, o futebolista j\u00e1 tinha expressado vontade em conhecer o Presidente dos Estados Unidos e, inclusive, autografado uma camisola de Portugal que foi <a href=\"https:\/\/www.publico.pt\/2025\/06\/17\/mundo\/noticia\/antonio-costa-entrega-camisola-cristiano-ronaldo-trump-lembrar-estao-jogar-paz-2136901\" rel=\"nofollow noopener\" target=\"_blank\">oferecida a Donald Trump por Ant\u00f3nio Cost<\/a><a href=\"http:\/\/www.publico.pt\/2025\/06\/17\/mundo\/noticia\/antonio-costa-entrega-camisola-cristiano-ronaldo-trump-lembrar-estao-jogar-paz-2136901\" rel=\"nofollow noopener\" target=\"_blank\">a<\/a>, em Junho, durante a cimeira do G7.<\/p>\n<p>Numa <a href=\"https:\/\/www.publico.pt\/2025\/11\/04\/impar\/noticia\/casamento-reforma-diogo-jota-cinco-momentos-nova-entrevista-cristiano-ronaldo-2153361\" rel=\"nofollow noopener\" target=\"_blank\">entrevista recente a Piers Morgan<\/a>, o capit\u00e3o da selec\u00e7\u00e3o portuguesa partilhou a sua admira\u00e7\u00e3o pelo Presidente dos EUA.&#8221;\u00c9 uma das pessoas mais importantes, \u00e9 uma das pessoas que quero conhecer. Desejo faz\u00ea-lo um dia, tendo a oportunidade (&#8230;), quero sentar-me e ter uma boa conversa com ele. \u00c9 algu\u00e9m de quem gosto mesmo porque acho que ele consegue fazer as coisas acontecer e eu gosto de pessoas assim\u201d, contou CR7.<\/p>\n<p>H\u00e1 quase dez anos que Cristiano Ronaldo n\u00e3o viajava at\u00e9 aos EUA. Em 2018, foi acusado de viola\u00e7\u00e3o pela ex-modelo norte-americana <a href=\"https:\/\/www.publico.pt\/2018\/10\/02\/impar\/noticia\/quem-e-kathryn-mayorga-1846044\" rel=\"nofollow noopener\" target=\"_blank\">Kathryn Mayorga<\/a>, que denunciou alegadas agress\u00f5es ocorridas em Junho de 2009, em Las Vegas. \u00c0 data, afirmou que Ronaldo lhe ter\u00e1 pago perto de 324 mil euros para que nunca falasse sobre o que aconteceu.<\/p>\n<p>Em 2023, a justi\u00e7a norte-americana rejeitou um recurso de Mayorga que pedia uma indemniza\u00e7\u00e3o de 25 milh\u00f5es de d\u00f3lares (cerca de 23,6 milh\u00f5es de euros) a CR7.<\/p>\n","protected":false},"excerpt":{"rendered":"Cristiano Ronaldo foi nesta ter\u00e7a-feira, 18 de Novembro, recebido pelo Presidente dos Estados Unidos da Am\u00e9rica. Apesar das&hellip;\n","protected":false},"author":2,"featured_media":157326,"comment_status":"","ping_status":"","sticky":false,"template":"","format":"standard","meta":{"footnotes":""},"categories":[87],"tags":[995,1145,5914,667,135,92,353,413,708,542,32,33,134],"class_list":{"0":"post-157325","1":"post","2":"type-post","3":"status-publish","4":"format-standard","5":"has-post-thumbnail","7":"category-desporto","8":"tag-abre-conteudo","9":"tag-arabia-saudita","10":"tag-casa-branca","11":"tag-cristiano-ronaldo","12":"tag-desporto","13":"tag-donald-trump","14":"tag-em-destaque","15":"tag-eua","16":"tag-impar","17":"tag-para-redes","18":"tag-portugal","19":"tag-pt","20":"tag-sports"},"share_on_mastodon":{"url":"https:\/\/pubeurope.com\/@pt\/115574994612695811","error":""},"_links":{"self":[{"href":"https:\/\/www.europesays.com\/pt\/wp-json\/wp\/v2\/posts\/157325","targetHints":{"allow":["GET"]}}],"collection":[{"href":"https:\/\/www.europesays.com\/pt\/wp-json\/wp\/v2\/posts"}],"about":[{"href":"https:\/\/www.europesays.com\/pt\/wp-json\/wp\/v2\/types\/post"}],"author":[{"embeddable":true,"href":"https:\/\/www.europesays.com\/pt\/wp-json\/wp\/v2\/users\/2"}],"replies":[{"embeddable":true,"href":"https:\/\/www.europesays.com\/pt\/wp-json\/wp\/v2\/comments?post=157325"}],"version-history":[{"count":0,"href":"https:\/\/www.europesays.com\/pt\/wp-json\/wp\/v2\/posts\/157325\/revisions"}],"wp:featuredmedia":[{"embeddable":true,"href":"https:\/\/www.europesays.com\/pt\/wp-json\/wp\/v2\/media\/157326"}],"wp:attachment":[{"href":"https:\/\/www.europesays.com\/pt\/wp-json\/wp\/v2\/media?parent=157325"}],"wp:term":[{"taxonomy":"category","embeddable":true,"href":"https:\/\/www.europesays.com\/pt\/wp-json\/wp\/v2\/categories?post=157325"},{"taxonomy":"post_tag","embeddable":true,"href":"https:\/\/www.europesays.com\/pt\/wp-json\/wp\/v2\/tags?post=157325"}],"curies":[{"name":"wp","href":"https:\/\/api.w.org\/{rel}","templated":true}]}}