{"id":157329,"date":"2025-11-19T06:46:10","date_gmt":"2025-11-19T06:46:10","guid":{"rendered":"https:\/\/www.europesays.com\/pt\/157329\/"},"modified":"2025-11-19T06:46:10","modified_gmt":"2025-11-19T06:46:10","slug":"tensao-na-sala-oval-estas-a-embaracar-o-meu-convidado-observador","status":"publish","type":"post","link":"https:\/\/www.europesays.com\/pt\/157329\/","title":{"rendered":"Tens\u00e3o na Sala Oval. &#8220;Est\u00e1s a embara\u00e7ar o meu convidado&#8221; \u2013 Observador"},"content":{"rendered":"<p>A confer\u00eancia de imprensa estava a ser marcada por v\u00e1rios elogios e por um clima de otimismo. O Presidente norte-americano, Donald Trump, destacava as boas rela\u00e7\u00f5es entre a Ar\u00e1bia Saudita e os Estados Unidos da Am\u00e9rica (EUA), real\u00e7ando que o homem ao seu lado, o pr\u00edncipe herdeiro Mohammed bin Salman, \u00e9 um \u201cgrande amigo seu\u201d e garantindo que \u00e9 \u201cmuito respeitado\u201d. Contudo, duas quest\u00f5es da jornalista da ABC News Mary Bruce alteraram por completo a atmosfera.<\/p>\n<p>A primeira quest\u00e3o tinha a ver com a poss\u00edvel promiscuidade entre os investimentos sauditas e os neg\u00f3cios que a fam\u00edlia de Donald Trump mant\u00e9m na Ar\u00e1bia Saudita. Mas a que causou o constrangimento (vis\u00edvel na cara de bin Salman) teve a ver com a morte do jornalista saudita Jamal Khashoggi, que era um dos principais cr\u00edticos da coroa da Ar\u00e1bia Saudita. Os servi\u00e7os de informa\u00e7\u00f5es norte-americanos conclu\u00edram que foi uma <strong>morte politicamente motivada<\/strong> \u2014 e ordenada diretamente pelo pr\u00edncipe herdeiro, que naquele momento estava a tentar fazer uma ofensiva de charme ao chefe de Estado norte-americano.<\/p>\n<blockquote class=\"twitter-tweet\" data-width=\"500\" data-dnt=\"true\">\n<p lang=\"en\" dir=\"ltr\">Q: Is it appropriate for your family to be doing business in Saudi Arabia while you&#8217;re president. Is that a conflict of interest? And your royal highness, the US intel community concluded you orchestrated the brutal murder of a journali\u2014<\/p>\n<p>TRUMP: Who are you with?<\/p>\n<p>Q: ABC News\u2026 <a href=\"https:\/\/t.co\/vrtypuvqcu\" rel=\"nofollow\">pic.twitter.com\/vrtypuvqcu<\/a><\/p>\n<p>\u2014 Aaron Rupar (@atrupar) <a href=\"https:\/\/twitter.com\/atrupar\/status\/1990838464011489725?ref_src=twsrc%5Etfw\" rel=\"nofollow noopener\" target=\"_blank\">November 18, 2025<\/a><\/p>\n<\/blockquote>\n<p>Ap\u00f3s ouvir as perguntas, Donald Trump questionou logo a que meio de comunica\u00e7\u00e3o pertencia a jornalista. \u201cABC News\u201d, respondeu Mary Bruce.\u00a0O Presidente norte-americano classificou o canal de televis\u00e3o como \u201cfake news\u201d, mas respondeu \u00e0s perguntas, mas sem uma acusa\u00e7\u00e3o. A rep\u00f3rter da ABC News estava a \u201cembara\u00e7ar\u201d Mohammed bin Salman. <strong>\u201cFizeste uma pergunta horr\u00edvel.\u201d<\/strong><\/p>\n<p>Sobre os neg\u00f3cios da sua fam\u00edlia na Ar\u00e1bia Saudita, o Presidente norte-americano assinalou que a fam\u00edlia est\u00e1 \u201csempre a fazer neg\u00f3cios\u201d: \u201cFizeram poucos com a Ar\u00e1bia Saudita. Eles podiam [fazer mais]. E todos o que eles fizeram foram muito bons\u201d. Donald Trump tamb\u00e9m destacou que se tem dedicado a gerir os Estados Unidos da Am\u00e9rica e que n\u00e3o est\u00e1 atualmente dedicado ao ramo empresarial ou financeiro.<\/p>\n<p>Em rela\u00e7\u00e3o ao jornalista saudita assassinado em Istambul em 2020, Donald Trump referiu que Jamal Khashoggi foi \u201ccontroverso\u201d: <strong>\u201cMuitas pessoas n\u00e3o gostaram desse homem. As coisas acontecem.<\/strong> Ele [Mohammed bin Salman] n\u00e3o sabe nada disso. Tem feito um trabalho excecional\u201d.<\/p>\n<blockquote class=\"wp-embedded-content\" data-secret=\"Xzjd1xX64W\">\n<p><a href=\"https:\/\/observador.pt\/2021\/02\/26\/relatorio-norte-americano-confirma-principe-herdeiro-saudita-aprovou-morte-de-jamal-khashoggi-que-era-tido-como-uma-ameaca\/\" rel=\"nofollow noopener\" target=\"_blank\">Relat\u00f3rio norte-americano confirma: Pr\u00edncipe herdeiro saudita aprovou morte de Jamal Khashoggi, que era tido como uma \u201camea\u00e7a\u201d<\/a><\/p>\n<\/blockquote>\n<p>Por sua vez, Mohammed bin Salman disse que a morte do jornalista foi um evento \u201cdoloroso\u201d e que as autoridades sauditas investigaram o sucedido. <strong>\u201cFoi um grande erro\u201d, concedeu o pr\u00edncipe herdeiro.<\/strong> \u201cMelhor\u00e1mos o nosso sistema para garantirmos que nada como isto acontece outra vez. Estamos a fazer o nosso melhor para que n\u00e3o aconte\u00e7a outra vez.\u201d<\/p>\n<p>O pr\u00edncipe herdeiro saudita mencionou ainda o nome de Osama bin Laden, referindo que o antigo l\u00edder da Al Qaeda tentou destruir as rela\u00e7\u00f5es entre Riade e Washington na sequ\u00eancia do 11 de setembro. \u201cTemos trabalhado para provar que [Bin Laden] estava enganado e continuamos a desenvolver a nossa na\u00e7\u00e3o. \u00c9 cr\u00edtico para a seguran\u00e7a do mundo.\u201d<\/p>\n<p>Mais no final da confer\u00eancia de imprensa, a jornalista da ABC voltou a fazer uma pergunta a Donald Trump, desta vez sobre o caso Epstein. E voltou a receber uma reprimenda do Presidente.<strong> \u201cN\u00e3o \u00e9 a pergunta, \u00e9 a tua atitude. Acho que \u00e9s uma jornalista terr\u00edvel. \u00c9 a forma como fazes perguntas. \u00c9s uma pessoa e uma jornalista horr\u00edvel\u201d<\/strong>, atirou, acrescentando que o canal de televis\u00e3o para o qual trabalha Mary Bruce devia ver a sua \u201clicen\u00e7a cancelada\u201d.<\/p>\n<p>Sobre Jeffrey Epstein, Donald Trump garantiu que nunca teve nada a ver com o homem que montou uma rede de explora\u00e7\u00e3o sexual de menores. \u201cExpulsei-o do meu clube, achava que era um tarado doentio. E depois estava certo sobre isso. Mas sabem quem teve a ver com isso? Bill Clinton, que foi \u00e0 ilha dele v\u00e1rias vezes\u201d, explicou Donald Trump, voltando ao argumento de que o caso Epstein \u00e9 uma \u201cfraude democrata\u201d.<\/p>\n<p>            <script async src=\"https:\/\/platform.twitter.com\/widgets.js\" charset=\"utf-8\"><\/script><\/p>\n","protected":false},"excerpt":{"rendered":"A confer\u00eancia de imprensa estava a ser marcada por v\u00e1rios elogios e por um clima de otimismo. O&hellip;\n","protected":false},"author":2,"featured_media":157330,"comment_status":"","ping_status":"","sticky":false,"template":"","format":"standard","meta":{"footnotes":""},"categories":[8],"tags":[624,25188,27,28,623,15,16,14,25,26,21,22,62,12,13,19,20,32,4497,23,24,33,17,18,29,30,31],"class_list":{"0":"post-157329","1":"post","2":"type-post","3":"status-publish","4":"format-standard","5":"has-post-thumbnail","7":"category-principais-noticias","8":"tag-amu00e9rica","9":"tag-aru00e1bia-saudita","10":"tag-breaking-news","11":"tag-breakingnews","12":"tag-estados-unidos-da-amu00e9rica","13":"tag-featured-news","14":"tag-featurednews","15":"tag-headlines","16":"tag-latest-news","17":"tag-latestnews","18":"tag-main-news","19":"tag-mainnews","20":"tag-mundo","21":"tag-news","22":"tag-noticias","23":"tag-noticias-principais","24":"tag-noticiasprincipais","25":"tag-portugal","26":"tag-presidente-trump","27":"tag-principais-noticias","28":"tag-principaisnoticias","29":"tag-pt","30":"tag-top-stories","31":"tag-topstories","32":"tag-ultimas","33":"tag-ultimas-noticias","34":"tag-ultimasnoticias"},"share_on_mastodon":{"url":"https:\/\/pubeurope.com\/@pt\/115575022491033901","error":""},"_links":{"self":[{"href":"https:\/\/www.europesays.com\/pt\/wp-json\/wp\/v2\/posts\/157329","targetHints":{"allow":["GET"]}}],"collection":[{"href":"https:\/\/www.europesays.com\/pt\/wp-json\/wp\/v2\/posts"}],"about":[{"href":"https:\/\/www.europesays.com\/pt\/wp-json\/wp\/v2\/types\/post"}],"author":[{"embeddable":true,"href":"https:\/\/www.europesays.com\/pt\/wp-json\/wp\/v2\/users\/2"}],"replies":[{"embeddable":true,"href":"https:\/\/www.europesays.com\/pt\/wp-json\/wp\/v2\/comments?post=157329"}],"version-history":[{"count":0,"href":"https:\/\/www.europesays.com\/pt\/wp-json\/wp\/v2\/posts\/157329\/revisions"}],"wp:featuredmedia":[{"embeddable":true,"href":"https:\/\/www.europesays.com\/pt\/wp-json\/wp\/v2\/media\/157330"}],"wp:attachment":[{"href":"https:\/\/www.europesays.com\/pt\/wp-json\/wp\/v2\/media?parent=157329"}],"wp:term":[{"taxonomy":"category","embeddable":true,"href":"https:\/\/www.europesays.com\/pt\/wp-json\/wp\/v2\/categories?post=157329"},{"taxonomy":"post_tag","embeddable":true,"href":"https:\/\/www.europesays.com\/pt\/wp-json\/wp\/v2\/tags?post=157329"}],"curies":[{"name":"wp","href":"https:\/\/api.w.org\/{rel}","templated":true}]}}