{"id":157345,"date":"2025-11-19T07:14:29","date_gmt":"2025-11-19T07:14:29","guid":{"rendered":"https:\/\/www.europesays.com\/pt\/157345\/"},"modified":"2025-11-19T07:14:29","modified_gmt":"2025-11-19T07:14:29","slug":"mundial-sub-17-suica-afasta-irlanda-e-marca-encontro-com-portugal","status":"publish","type":"post","link":"https:\/\/www.europesays.com\/pt\/157345\/","title":{"rendered":"Mundial Sub-17: Su\u00ed\u00e7a afasta Irlanda e marca encontro com Portugal"},"content":{"rendered":"<p>\t                Jogo dos quartos de final marcado para a pr\u00f3xima sexta-feira <\/p>\n<p style=\"margin-bottom:11px\">A Su\u00ed\u00e7a eliminou a Rep\u00fablica da Irlanda do Mundial Sub-17 com uma vit\u00f3ria por 3-1 e marcou encontro com Portugal, nos quartos de final da competi\u00e7\u00e3o que est\u00e1 a decorrer no Qatar.<\/p>\n<p style=\"margin-bottom:11px\"><a href=\"https:\/\/maisfutebol.iol.pt\/jogo\/mexicosub\/portugalsub\/13831041\" rel=\"nofollow noopener\" target=\"_blank\">Portugal goleou o M\u00e9xico a caminho dos \u00abquartos\u00bb<\/a><\/p>\n<p>Depois de uma primeira parte sem golos, a sele\u00e7\u00e3o helv\u00e9tica adiantou-se no marcador, aos 57 minutos, com um golo de Adrien Llukes, e aumentou a vantagem, aos 69, por Sandro Wyss.<\/p>\n<p>A Irlanda ainda reduziu a diferen\u00e7a, aos 82, por Vinnie Leonard, mas a Su\u00ed\u00e7a acabou por confirmar a vit\u00f3ria logo a seguir, com um terceiro golo, aos 86 minutos, marcado por Mladen Mijajlovic.<\/p>\n<p>Fica assim\u00a0 definido o advers\u00e1rio de Portugal nos quartos de final, num duelo que est\u00e1 marcado para a pr\u00f3xima sexta-feira.<\/p>\n","protected":false},"excerpt":{"rendered":"Jogo dos quartos de final marcado para a pr\u00f3xima sexta-feira A Su\u00ed\u00e7a eliminou a Rep\u00fablica da Irlanda do&hellip;\n","protected":false},"author":2,"featured_media":157346,"comment_status":"","ping_status":"","sticky":false,"template":"","format":"standard","meta":{"footnotes":""},"categories":[8],"tags":[609,836,611,27,28,607,608,333,832,604,135,610,476,15,16,301,830,14,603,25,26,570,21,22,831,833,30972,62,834,12,13,19,20,835,602,52,32,23,24,33,33750,33751,4338,32722,5697,17,18,29,30,31],"class_list":{"0":"post-157345","1":"post","2":"type-post","3":"status-publish","4":"format-standard","5":"has-post-thumbnail","7":"category-principais-noticias","8":"tag-alerta","9":"tag-analise","10":"tag-ao-minuto","11":"tag-breaking-news","12":"tag-breakingnews","13":"tag-cnn","14":"tag-cnn-portugal","15":"tag-comentadores","16":"tag-costa","17":"tag-crime","18":"tag-desporto","19":"tag-direto","20":"tag-economia","21":"tag-featured-news","22":"tag-featurednews","23":"tag-governo","24":"tag-guerra","25":"tag-headlines","26":"tag-justica","27":"tag-latest-news","28":"tag-latestnews","29":"tag-live","30":"tag-main-news","31":"tag-mainnews","32":"tag-mais-vistas","33":"tag-marcelo","34":"tag-mundial-sub-17","35":"tag-mundo","36":"tag-negocios","37":"tag-news","38":"tag-noticias","39":"tag-noticias-principais","40":"tag-noticiasprincipais","41":"tag-opiniao","42":"tag-pais","43":"tag-politica","44":"tag-portugal","45":"tag-principais-noticias","46":"tag-principaisnoticias","47":"tag-pt","48":"tag-quartos-de-final","49":"tag-republica-irlanda","50":"tag-selecao","51":"tag-selecao-sub-17","52":"tag-suica","53":"tag-top-stories","54":"tag-topstories","55":"tag-ultimas","56":"tag-ultimas-noticias","57":"tag-ultimasnoticias"},"share_on_mastodon":{"url":"","error":"Validation failed: Text character limit of 500 exceeded"},"_links":{"self":[{"href":"https:\/\/www.europesays.com\/pt\/wp-json\/wp\/v2\/posts\/157345","targetHints":{"allow":["GET"]}}],"collection":[{"href":"https:\/\/www.europesays.com\/pt\/wp-json\/wp\/v2\/posts"}],"about":[{"href":"https:\/\/www.europesays.com\/pt\/wp-json\/wp\/v2\/types\/post"}],"author":[{"embeddable":true,"href":"https:\/\/www.europesays.com\/pt\/wp-json\/wp\/v2\/users\/2"}],"replies":[{"embeddable":true,"href":"https:\/\/www.europesays.com\/pt\/wp-json\/wp\/v2\/comments?post=157345"}],"version-history":[{"count":0,"href":"https:\/\/www.europesays.com\/pt\/wp-json\/wp\/v2\/posts\/157345\/revisions"}],"wp:featuredmedia":[{"embeddable":true,"href":"https:\/\/www.europesays.com\/pt\/wp-json\/wp\/v2\/media\/157346"}],"wp:attachment":[{"href":"https:\/\/www.europesays.com\/pt\/wp-json\/wp\/v2\/media?parent=157345"}],"wp:term":[{"taxonomy":"category","embeddable":true,"href":"https:\/\/www.europesays.com\/pt\/wp-json\/wp\/v2\/categories?post=157345"},{"taxonomy":"post_tag","embeddable":true,"href":"https:\/\/www.europesays.com\/pt\/wp-json\/wp\/v2\/tags?post=157345"}],"curies":[{"name":"wp","href":"https:\/\/api.w.org\/{rel}","templated":true}]}}