{"id":157365,"date":"2025-11-19T07:47:16","date_gmt":"2025-11-19T07:47:16","guid":{"rendered":"https:\/\/www.europesays.com\/pt\/157365\/"},"modified":"2025-11-19T07:47:16","modified_gmt":"2025-11-19T07:47:16","slug":"aos-72-anos-dina-aguiar-casa-se-com-fernando-girao","status":"publish","type":"post","link":"https:\/\/www.europesays.com\/pt\/157365\/","title":{"rendered":"Aos 72 anos, Dina Aguiar casa-se com Fernando Gir\u00e3o"},"content":{"rendered":"<p>Depois de ter sa\u00eddo da RTP, <a href=\"https:\/\/selfie.iol.pt\/famosos\/dina-aguiar\/apos-adeus-a-rtp-dina-aguiar-afirma-a-vida-esta-sempre-a-acontecer\/20251103\/6908e869d34e3caad84ada57\" target=\"_blank\" rel=\"nofollow noopener\">Dina Aguiar<\/a>, de 72 anos, casou-se com o\u00a0m\u00e9dico Fernando Gir\u00e3o.<\/p>\n<p>A not\u00edcia foi avan\u00e7ada por Maya, no programa &#8220;Noite das Estrelas&#8221;, da CMTV: &#8220;<a href=\"https:\/\/selfie.iol.pt\/famosos\/dina-aguiar\/apos-ficar-longe-de-portugal-dina-aguiar-esta-doente\/20251025\/68fcc44bd34e58bc67974d04\" target=\"_blank\" rel=\"nofollow noopener\">Dina Aguiar<\/a> anunciou no dia 15 o seu casamento com o m\u00e9dico Fernando Gir\u00e3o. Casaram na sexta-feira, dia 14, \u00e0s 14h30, em Lisboa, no Lumiar. E foi no s\u00e1bado, na festa de Natal da RTP, que foi comunicado: Dina contou aos colegas e foram aplaudidos por todos. E fez uma coisa muito curiosa: \u00e9 que foi para a lua de mel antes de casar.&#8221;<\/p>\n<p>&#8220;A Dina \u00e9 um exemplo de que realmente nunca \u00e9 tarde para ser feliz. Foram ao Jap\u00e3o em lua de mel e, quando chegaram da lua de mel, \u00e9 que casaram&#8221;, acrescentou, ainda, Maya.<\/p>\n","protected":false},"excerpt":{"rendered":"Depois de ter sa\u00eddo da RTP, Dina Aguiar, de 72 anos, casou-se com o\u00a0m\u00e9dico Fernando Gir\u00e3o. A not\u00edcia&hellip;\n","protected":false},"author":2,"featured_media":157366,"comment_status":"","ping_status":"","sticky":false,"template":"","format":"standard","meta":{"footnotes":""},"categories":[145],"tags":[2658,28761,211,210,9402,25299,114,115,980,33752,28829,619,32,33,1012],"class_list":{"0":"post-157365","1":"post","2":"type-post","3":"status-publish","4":"format-standard","5":"has-post-thumbnail","7":"category-celebridades","8":"tag-casamentos-2025","9":"tag-casou","10":"tag-celebridades","11":"tag-celebrities","12":"tag-cmtv","13":"tag-dina-aguiar","14":"tag-entertainment","15":"tag-entretenimento","16":"tag-famosos","17":"tag-fernando-girao","18":"tag-maya","19":"tag-nacional","20":"tag-portugal","21":"tag-pt","22":"tag-selfie"},"share_on_mastodon":{"url":"https:\/\/pubeurope.com\/@pt\/115575261924882598","error":""},"_links":{"self":[{"href":"https:\/\/www.europesays.com\/pt\/wp-json\/wp\/v2\/posts\/157365","targetHints":{"allow":["GET"]}}],"collection":[{"href":"https:\/\/www.europesays.com\/pt\/wp-json\/wp\/v2\/posts"}],"about":[{"href":"https:\/\/www.europesays.com\/pt\/wp-json\/wp\/v2\/types\/post"}],"author":[{"embeddable":true,"href":"https:\/\/www.europesays.com\/pt\/wp-json\/wp\/v2\/users\/2"}],"replies":[{"embeddable":true,"href":"https:\/\/www.europesays.com\/pt\/wp-json\/wp\/v2\/comments?post=157365"}],"version-history":[{"count":0,"href":"https:\/\/www.europesays.com\/pt\/wp-json\/wp\/v2\/posts\/157365\/revisions"}],"wp:featuredmedia":[{"embeddable":true,"href":"https:\/\/www.europesays.com\/pt\/wp-json\/wp\/v2\/media\/157366"}],"wp:attachment":[{"href":"https:\/\/www.europesays.com\/pt\/wp-json\/wp\/v2\/media?parent=157365"}],"wp:term":[{"taxonomy":"category","embeddable":true,"href":"https:\/\/www.europesays.com\/pt\/wp-json\/wp\/v2\/categories?post=157365"},{"taxonomy":"post_tag","embeddable":true,"href":"https:\/\/www.europesays.com\/pt\/wp-json\/wp\/v2\/tags?post=157365"}],"curies":[{"name":"wp","href":"https:\/\/api.w.org\/{rel}","templated":true}]}}