{"id":157369,"date":"2025-11-19T07:52:41","date_gmt":"2025-11-19T07:52:41","guid":{"rendered":"https:\/\/www.europesays.com\/pt\/157369\/"},"modified":"2025-11-19T07:52:41","modified_gmt":"2025-11-19T07:52:41","slug":"adaptacao-de-zelda-tem-primeiras-imagens-reveladas","status":"publish","type":"post","link":"https:\/\/www.europesays.com\/pt\/157369\/","title":{"rendered":"Adapta\u00e7\u00e3o de \u2018Zelda\u2019 tem primeiras imagens reveladas"},"content":{"rendered":"<p><img  loading=\"lazy\" class=\"lazy-load-img\"\/><\/p>\n<p>Benjamin Evan Ainsworth (esq.) e Bo Bragason como Link e Zelda, respectivamente, no set de filme de &#8216;The Legend of Zelda&#8217;\u00a0Foto:  Nintendo via X\/Reprodu\u00e7\u00e3o<\/p>\n<p data-component-name=\"paragraph\" class=\"styles__ParagraphStyled-sc-6adecn-0 gsLklW  \">A aguardada adapta\u00e7\u00e3o cinematogr\u00e1fica de <strong>The Legend of Zelda<\/strong>, uma das maiores franquias da hist\u00f3ria dos videogames, teve suas primeiras imagens reveladas nesta segunda-feira, 17. Atrav\u00e9s da conta oficial da <a href=\"https:\/\/www.estadao.com.br\/tudo-sobre\/nintendo\/\" target=\"_blank\" rel=\"noreferrer nofollow noopener\" title=\"https:\/\/www.estadao.com.br\/tudo-sobre\/nintendo\/\">Nintendo<\/a> no X (antigo Twitter), <strong>Shigeru Miyamoto<\/strong>, criador da s\u00e9rie de jogos, compartilhou fotos de <strong>Benjamin Evan Ainsworth<\/strong> (Sandman) e <strong>Bo Bragason<\/strong> (Nell, a Renegada) como Link e Princesa Zelda, respectivamente.<\/p>\n<p data-component-name=\"paragraph\" class=\"styles__ParagraphStyled-sc-6adecn-0 gsLklW  \">O filme est\u00e1 atualmente sendo rodado na Nova Zel\u00e2ndia, cujo cen\u00e1rio j\u00e1 foi usado para dar vida \u00e0 famosa Terra M\u00e9dia dos livros de <strong>J.R.R. Tolkien<\/strong>.<\/p>\n<p>Iniciada em 1986, a franquia The Legend of Zelda se tornou um dos maiores t\u00edtulos da Nintendo, ocupando um altar que inclui ainda jogos como Super Mario Bros., Donkey Kong, Kirby e Pok\u00e9mon. No total, a franquia j\u00e1 teve 33 jogos entre sua s\u00e9rie principal e derivados, com o mais recente, The Legend of Zelda: Echoes of Wisdom, chegando em 2024 para o Nintendo Switch.<\/p>\n<p>Embora cada game siga uma hist\u00f3ria diferente, o conceito b\u00e1sico de quase todos os jogos da franquia mostram o protagonista Link enfrentando for\u00e7as malignas no reino fict\u00edcio de Hyrule para salvar a Princesa Zelda das m\u00e3os do diab\u00f3lico Ganondorf.<\/p>\n<p data-component-name=\"paragraph\" class=\"styles__ParagraphStyled-sc-6adecn-0 gsLklW  \"><strong>Wes Ball<\/strong>, de Planeta dos Macacos: O Reinado, dirige The Legend of Zelda, que tem roteiro assinado por <strong>Derek Connolly<\/strong> (Jurassic World).<\/p>\n<p data-component-name=\"paragraph\" class=\"styles__ParagraphStyled-sc-6adecn-0 gsLklW  \">A estreia de The Legend of Zelda est\u00e1 marcada para 7 de maio de 2027 nos Estados Unidos.<\/p>\n","protected":false},"excerpt":{"rendered":"Benjamin Evan Ainsworth (esq.) e Bo Bragason como Link e Zelda, respectivamente, no set de filme de &#8216;The&hellip;\n","protected":false},"author":2,"featured_media":157370,"comment_status":"","ping_status":"","sticky":false,"template":"","format":"standard","meta":{"footnotes":""},"categories":[140],"tags":[114,115,147,148,146,32,33],"class_list":{"0":"post-157369","1":"post","2":"type-post","3":"status-publish","4":"format-standard","5":"has-post-thumbnail","7":"category-filmes","8":"tag-entertainment","9":"tag-entretenimento","10":"tag-film","11":"tag-filmes","12":"tag-movies","13":"tag-portugal","14":"tag-pt"},"share_on_mastodon":{"url":"https:\/\/pubeurope.com\/@pt\/115575281701391913","error":""},"_links":{"self":[{"href":"https:\/\/www.europesays.com\/pt\/wp-json\/wp\/v2\/posts\/157369","targetHints":{"allow":["GET"]}}],"collection":[{"href":"https:\/\/www.europesays.com\/pt\/wp-json\/wp\/v2\/posts"}],"about":[{"href":"https:\/\/www.europesays.com\/pt\/wp-json\/wp\/v2\/types\/post"}],"author":[{"embeddable":true,"href":"https:\/\/www.europesays.com\/pt\/wp-json\/wp\/v2\/users\/2"}],"replies":[{"embeddable":true,"href":"https:\/\/www.europesays.com\/pt\/wp-json\/wp\/v2\/comments?post=157369"}],"version-history":[{"count":0,"href":"https:\/\/www.europesays.com\/pt\/wp-json\/wp\/v2\/posts\/157369\/revisions"}],"wp:featuredmedia":[{"embeddable":true,"href":"https:\/\/www.europesays.com\/pt\/wp-json\/wp\/v2\/media\/157370"}],"wp:attachment":[{"href":"https:\/\/www.europesays.com\/pt\/wp-json\/wp\/v2\/media?parent=157369"}],"wp:term":[{"taxonomy":"category","embeddable":true,"href":"https:\/\/www.europesays.com\/pt\/wp-json\/wp\/v2\/categories?post=157369"},{"taxonomy":"post_tag","embeddable":true,"href":"https:\/\/www.europesays.com\/pt\/wp-json\/wp\/v2\/tags?post=157369"}],"curies":[{"name":"wp","href":"https:\/\/api.w.org\/{rel}","templated":true}]}}