{"id":157371,"date":"2025-11-19T07:53:25","date_gmt":"2025-11-19T07:53:25","guid":{"rendered":"https:\/\/www.europesays.com\/pt\/157371\/"},"modified":"2025-11-19T07:53:25","modified_gmt":"2025-11-19T07:53:25","slug":"farioli-emocionado-com-as-criancas-internadas-no-s-joao","status":"publish","type":"post","link":"https:\/\/www.europesays.com\/pt\/157371\/","title":{"rendered":"Farioli emocionado com as crian\u00e7as internadas no S. Jo\u00e3o"},"content":{"rendered":"<p data-remotead-prev-elm=\"true\" data-remotead-elm-id=\"inread\">As crian\u00e7as internadas na ala pedi\u00e1trica do Hospital de S\u00e3o Jo\u00e3o receberam, esta ter\u00e7a-feira, a visita da equipa t\u00e9cnica do F. C. Porto, numa a\u00e7\u00e3o de cariz social cujo objetivo foi aproximar o clube azul e branco da comunidade.<\/p>\n<p>Uma das crian\u00e7as internadas, Francisca Fonseca, que ser\u00e1 operada na quarta-feira, redigiu um poema que ser\u00e1 lido ao plantel portista quando regressarem os jogadores ainda ao servi\u00e7o das sele\u00e7\u00f5es.<\/p>\n<p>&#8220;\u00c9 muito emotivo sentir a vontade de viver destas crian\u00e7as. Tent\u00e1mos trazer-lhes alguma energia, mas elas conseguiram dar-nos muito mais em troca. \u00c9 espetacular ver o trabalho que estas pessoas desenvolvem e a paix\u00e3o que colocam nas atividades di\u00e1rias. Foi um momento muito bonito&#8221;, afirmou o treinador dos drag\u00f5es, Francesco Farioli, no Espa\u00e7o Drag\u00e3o, um espa\u00e7o l\u00fadico infantil criado atrav\u00e9s da parceria entre o F. C. Porto e o Hospital de S\u00e3o Jo\u00e3o.<\/p>\n<p>&#8220;Fizemos algumas promessas que queremos cumprir, de voltar c\u00e1 mais vezes, trazendo os jogadores regularmente para tentarmos partilhar experi\u00eancias de vida e porque estas crian\u00e7as assistem aos nossos jogos. \u00c9 muito importante estarmos pr\u00f3ximos delas e queremos repetir este tipo de iniciativas&#8221;, acrescentou o t\u00e9cnico italiano.<\/p>\n<p>Sobre o referido poema escrito por uma das crian\u00e7as, Farioli n\u00e3o escondeu a emo\u00e7\u00e3o. &#8220;Est\u00e1 espetacular. Levo comigo uma c\u00f3pia e, quando o plantel estiver completo, com os jogadores que foram \u00e0s sele\u00e7\u00f5es, teremos oportunidade de partilhar um excelente poema da Francisca, que amanh\u00e3 vai ser operada e desejamos-lhe uma boa recupera\u00e7\u00e3o. Oxal\u00e1 continue connosco durante toda a temporada&#8221;.<\/p>\n","protected":false},"excerpt":{"rendered":"As crian\u00e7as internadas na ala pedi\u00e1trica do Hospital de S\u00e3o Jo\u00e3o receberam, esta ter\u00e7a-feira, a visita da equipa&hellip;\n","protected":false},"author":2,"featured_media":157372,"comment_status":"","ping_status":"","sticky":false,"template":"","format":"standard","meta":{"footnotes":""},"categories":[87],"tags":[33753,135,20558,1011,20904,32,33,134],"class_list":{"0":"post-157371","1":"post","2":"type-post","3":"status-publish","4":"format-standard","5":"has-post-thumbnail","7":"category-desporto","8":"tag-ala-pediatrica","9":"tag-desporto","10":"tag-f-c-porto","11":"tag-francesco-farioli","12":"tag-hospital-s-joao","13":"tag-portugal","14":"tag-pt","15":"tag-sports"},"share_on_mastodon":{"url":"https:\/\/pubeurope.com\/@pt\/115575285576164646","error":""},"_links":{"self":[{"href":"https:\/\/www.europesays.com\/pt\/wp-json\/wp\/v2\/posts\/157371","targetHints":{"allow":["GET"]}}],"collection":[{"href":"https:\/\/www.europesays.com\/pt\/wp-json\/wp\/v2\/posts"}],"about":[{"href":"https:\/\/www.europesays.com\/pt\/wp-json\/wp\/v2\/types\/post"}],"author":[{"embeddable":true,"href":"https:\/\/www.europesays.com\/pt\/wp-json\/wp\/v2\/users\/2"}],"replies":[{"embeddable":true,"href":"https:\/\/www.europesays.com\/pt\/wp-json\/wp\/v2\/comments?post=157371"}],"version-history":[{"count":0,"href":"https:\/\/www.europesays.com\/pt\/wp-json\/wp\/v2\/posts\/157371\/revisions"}],"wp:featuredmedia":[{"embeddable":true,"href":"https:\/\/www.europesays.com\/pt\/wp-json\/wp\/v2\/media\/157372"}],"wp:attachment":[{"href":"https:\/\/www.europesays.com\/pt\/wp-json\/wp\/v2\/media?parent=157371"}],"wp:term":[{"taxonomy":"category","embeddable":true,"href":"https:\/\/www.europesays.com\/pt\/wp-json\/wp\/v2\/categories?post=157371"},{"taxonomy":"post_tag","embeddable":true,"href":"https:\/\/www.europesays.com\/pt\/wp-json\/wp\/v2\/tags?post=157371"}],"curies":[{"name":"wp","href":"https:\/\/api.w.org\/{rel}","templated":true}]}}