{"id":157377,"date":"2025-11-19T08:11:08","date_gmt":"2025-11-19T08:11:08","guid":{"rendered":"https:\/\/www.europesays.com\/pt\/157377\/"},"modified":"2025-11-19T08:11:08","modified_gmt":"2025-11-19T08:11:08","slug":"microchip-devolve-visao-a-cegos-com-doenca-na-retina","status":"publish","type":"post","link":"https:\/\/www.europesays.com\/pt\/157377\/","title":{"rendered":"Microchip devolve vis\u00e3o a cegos com doen\u00e7a na retina"},"content":{"rendered":"<p>Um <a href=\"https:\/\/www.nejm.org\/doi\/10.1056\/NEJMoa2501396\" target=\"_blank\" rel=\"noopener nofollow\" data-saferedirecturl=\"https:\/\/www.google.com\/url?q=https:\/\/www.nejm.org\/doi\/10.1056\/NEJMoa2501396&amp;source=gmail&amp;ust=1763565217431000&amp;usg=AOvVaw3BqG9_wDFhHnrVB6Cdw8Se\">estudo cl\u00ednico<\/a> d\u00e1 uma nova esperan\u00e7a para quem sofre com atrofia geogr\u00e1fica, uma forma avan\u00e7ada de DMRI (Degenera\u00e7\u00e3o Macular Relacionada \u00e0 Idade), terceira maior causa de perda irrecuper\u00e1vel da vis\u00e3o. Trata-se do PRIMA System, microchip de 2 mm x 2mm e espessura mais fina que um fio de cabelo.<\/p>\n<blockquote>\n<p>N\u00e3o quer perder as \u00faltimas not\u00edcias de tecnologia? Siga o perfil do\u00a0<strong>33Giga<\/strong>\u00a0no\u00a0<a href=\"https:\/\/www.instagram.com\/portal33giga\/\" target=\"_blank\" rel=\"noopener nofollow\">Instagram<\/a>\u00a0e no\u00a0<a href=\"https:\/\/bsky.app\/profile\/33giga.com.br\" target=\"_blank\" rel=\"noopener nofollow\">Bluesky<\/a><\/p>\n<\/blockquote>\n<p><strong>Como funciona<\/strong><\/p>\n<p>De acordo com o oftalmologista Le\u00f4ncio Queiroz Neto, diretor-executivo do Instituto Penido Burnier o PRIMA \u00e9 uma matriz fotovoltaica, ou seja, converte a luz infravermelha em corrente el\u00e9trica. \u00c9 implantado sob a m\u00e1cula na \u00e1rea em que a condi\u00e7\u00e3o j\u00e1 causou a perda de c\u00e9lulas fotorreceptoras. Significa que o chip substitui a fun\u00e7\u00e3o ausente da retina por sinais el\u00e9tricos.<\/p>\n<p>O oftalmologista destaca que, o dispositivo ainda pode usar a vis\u00e3o perif\u00e9rica natural enquanto o implante restaura parte da vis\u00e3o central. O resultado desta combina\u00e7\u00e3o gera uma experi\u00eancia visual mais completa que n\u00e3o \u00e9 permitida por outras tecnologias.<\/p>\n<p>O kit completo do tratamento inclui \u00f3culos que t\u00eam a fun\u00e7\u00e3o zoom, para ampliar letras ou partes da imagem com uma c\u00e2mera de v\u00eddeo para captar a cena ao redor e um pequeno processador que pode ser fixado na cintura, dotado de intelig\u00eancia artificial para decidir qual parte da imagem \u00e9 mais importante. O processador tamb\u00e9m d\u00e1 orienta\u00e7\u00e3o aos \u00f3culos para projetarem a imagem atrav\u00e9s de um feixe infravermelho diretamente sobre o chip implantado.<\/p>\n<p>Queiroz Neto ressalta que, pela primeira vez, existe um dispositivo capaz de restaurar parte da vis\u00e3o, em vez de apenas preservar a que resta. Voc\u00ea pode conversar com seu oftalmologista sobre os pr\u00f3ximos testes cl\u00ednicos ou a futura aprova\u00e7\u00e3o do sistema.<\/p>\n<p>Ap\u00f3s o implante do chip, os pacientes passam por reabilita\u00e7\u00e3o intensiva, para aprender a interpretar os est\u00edmulos el\u00e9tricos como imagens \u00fateis, letras, n\u00fameros palavras.<\/p>\n<blockquote>\n<p>Quer ficar por dentro do mundo da tecnologia e ainda baixar gratuitamente nosso e-book Manual de Seguran\u00e7a na Internet? <a href=\"https:\/\/wp.33giga.com.br\/newsletter\/\" target=\"_blank\" rel=\"noopener noreferrer nofollow\">Clique aqui<\/a>\u00a0e assine a newsletter do\u00a0<strong>33Giga<\/strong><\/p>\n<\/blockquote>\n<p><strong>Resultados e preven\u00e7\u00e3o<\/strong><\/p>\n<p>O estudo contou com um n\u00famero restrito de participantes e, portanto, requer novos acompanhamentos cl\u00ednicos, mas aponta melhora da acuidade visual para 84% dos participantes. Aconteceram durante o ensaio cl\u00ednico 19 intercorr\u00eancias ap\u00f3s o implante do PRIMA, mas todas foram resolvidas no prazo m\u00e1ximo de 60 dias.<\/p>\n<p>As principais recomenda\u00e7\u00f5es de Queiroz Neto para evitar a degenera\u00e7\u00e3o macular s\u00e3o:<\/p>\n<ul>\n<li>Evite fumar;<\/li>\n<li>Controle a glicemia, press\u00e3o arterial;<\/li>\n<li>Pratique atividades f\u00edsicas;<\/li>\n<li>Dieta rica em lute\u00edna e zeaxantina (folhas verdes, ovos).<\/li>\n<\/ul>\n<p><script async src=\"\/\/www.instagram.com\/embed.js\"><\/script><\/p>\n","protected":false},"excerpt":{"rendered":"Um estudo cl\u00ednico d\u00e1 uma nova esperan\u00e7a para quem sofre com atrofia geogr\u00e1fica, uma forma avan\u00e7ada de DMRI&hellip;\n","protected":false},"author":2,"featured_media":157378,"comment_status":"","ping_status":"","sticky":false,"template":"","format":"standard","meta":{"footnotes":""},"categories":[84],"tags":[109,107,108,32,33,105,103,104,106,110],"class_list":{"0":"post-157377","1":"post","2":"type-post","3":"status-publish","4":"format-standard","5":"has-post-thumbnail","7":"category-ciencia-e-tecnologia","8":"tag-ciencia","9":"tag-ciencia-e-tecnologia","10":"tag-cienciaetecnologia","11":"tag-portugal","12":"tag-pt","13":"tag-science","14":"tag-science-and-technology","15":"tag-scienceandtechnology","16":"tag-technology","17":"tag-tecnologia"},"share_on_mastodon":{"url":"https:\/\/pubeurope.com\/@pt\/115575356302901926","error":""},"_links":{"self":[{"href":"https:\/\/www.europesays.com\/pt\/wp-json\/wp\/v2\/posts\/157377","targetHints":{"allow":["GET"]}}],"collection":[{"href":"https:\/\/www.europesays.com\/pt\/wp-json\/wp\/v2\/posts"}],"about":[{"href":"https:\/\/www.europesays.com\/pt\/wp-json\/wp\/v2\/types\/post"}],"author":[{"embeddable":true,"href":"https:\/\/www.europesays.com\/pt\/wp-json\/wp\/v2\/users\/2"}],"replies":[{"embeddable":true,"href":"https:\/\/www.europesays.com\/pt\/wp-json\/wp\/v2\/comments?post=157377"}],"version-history":[{"count":0,"href":"https:\/\/www.europesays.com\/pt\/wp-json\/wp\/v2\/posts\/157377\/revisions"}],"wp:featuredmedia":[{"embeddable":true,"href":"https:\/\/www.europesays.com\/pt\/wp-json\/wp\/v2\/media\/157378"}],"wp:attachment":[{"href":"https:\/\/www.europesays.com\/pt\/wp-json\/wp\/v2\/media?parent=157377"}],"wp:term":[{"taxonomy":"category","embeddable":true,"href":"https:\/\/www.europesays.com\/pt\/wp-json\/wp\/v2\/categories?post=157377"},{"taxonomy":"post_tag","embeddable":true,"href":"https:\/\/www.europesays.com\/pt\/wp-json\/wp\/v2\/tags?post=157377"}],"curies":[{"name":"wp","href":"https:\/\/api.w.org\/{rel}","templated":true}]}}