{"id":157379,"date":"2025-11-19T08:14:24","date_gmt":"2025-11-19T08:14:24","guid":{"rendered":"https:\/\/www.europesays.com\/pt\/157379\/"},"modified":"2025-11-19T08:14:24","modified_gmt":"2025-11-19T08:14:24","slug":"ps-aponta-inconstitucionalidades-em-oito-normas-dos-decretos-que-alteram-a-nacionalidade","status":"publish","type":"post","link":"https:\/\/www.europesays.com\/pt\/157379\/","title":{"rendered":"PS aponta inconstitucionalidades em oito normas dos decretos que alteram a nacionalidade"},"content":{"rendered":"<p>O PS aponta inconstitucionalidades em oito normas nos dois decretos sobre nacionalidade, considerando que existem sobretudo viola\u00e7\u00f5es dos princ\u00edpios da igualdade, da proporcionalidade e da prote\u00e7\u00e3o da confian\u00e7a.<\/p>\n<p>Esta posi\u00e7\u00e3o foi defendida em confer\u00eancia de imprensa pelo vice-presidente da bancada socialista Pedro Delgado Alves, ap\u00f3s o l\u00edder parlamentar do PS, Eurico Brilhante Dias, ter anunciado que o seu partido requereu ao Tribunal Constitucional (TC) a fiscaliza\u00e7\u00e3o preventiva do decreto que altera a Lei da Nacionalidade e um outro que prev\u00ea a perda da nacionalidade como pena acess\u00f3ria.<\/p>\n","protected":false},"excerpt":{"rendered":"O PS aponta inconstitucionalidades em oito normas nos dois decretos sobre nacionalidade, considerando que existem sobretudo viola\u00e7\u00f5es dos&hellip;\n","protected":false},"author":2,"featured_media":157380,"comment_status":"","ping_status":"","sticky":false,"template":"","format":"standard","meta":{"footnotes":""},"categories":[10],"tags":[27,28,15,16,14,25,26,1765,21,22,12,13,19,20,32,23,24,455,33,17,18,29,30,31],"class_list":{"0":"post-157379","1":"post","2":"type-post","3":"status-publish","4":"format-standard","5":"has-post-thumbnail","7":"category-portugal","8":"tag-breaking-news","9":"tag-breakingnews","10":"tag-featured-news","11":"tag-featurednews","12":"tag-headlines","13":"tag-latest-news","14":"tag-latestnews","15":"tag-lei-da-nacionalidade","16":"tag-main-news","17":"tag-mainnews","18":"tag-news","19":"tag-noticias","20":"tag-noticias-principais","21":"tag-noticiasprincipais","22":"tag-portugal","23":"tag-principais-noticias","24":"tag-principaisnoticias","25":"tag-ps","26":"tag-pt","27":"tag-top-stories","28":"tag-topstories","29":"tag-ultimas","30":"tag-ultimas-noticias","31":"tag-ultimasnoticias"},"share_on_mastodon":{"url":"https:\/\/pubeurope.com\/@pt\/115575368277177621","error":""},"_links":{"self":[{"href":"https:\/\/www.europesays.com\/pt\/wp-json\/wp\/v2\/posts\/157379","targetHints":{"allow":["GET"]}}],"collection":[{"href":"https:\/\/www.europesays.com\/pt\/wp-json\/wp\/v2\/posts"}],"about":[{"href":"https:\/\/www.europesays.com\/pt\/wp-json\/wp\/v2\/types\/post"}],"author":[{"embeddable":true,"href":"https:\/\/www.europesays.com\/pt\/wp-json\/wp\/v2\/users\/2"}],"replies":[{"embeddable":true,"href":"https:\/\/www.europesays.com\/pt\/wp-json\/wp\/v2\/comments?post=157379"}],"version-history":[{"count":0,"href":"https:\/\/www.europesays.com\/pt\/wp-json\/wp\/v2\/posts\/157379\/revisions"}],"wp:featuredmedia":[{"embeddable":true,"href":"https:\/\/www.europesays.com\/pt\/wp-json\/wp\/v2\/media\/157380"}],"wp:attachment":[{"href":"https:\/\/www.europesays.com\/pt\/wp-json\/wp\/v2\/media?parent=157379"}],"wp:term":[{"taxonomy":"category","embeddable":true,"href":"https:\/\/www.europesays.com\/pt\/wp-json\/wp\/v2\/categories?post=157379"},{"taxonomy":"post_tag","embeddable":true,"href":"https:\/\/www.europesays.com\/pt\/wp-json\/wp\/v2\/tags?post=157379"}],"curies":[{"name":"wp","href":"https:\/\/api.w.org\/{rel}","templated":true}]}}