{"id":157383,"date":"2025-11-19T08:16:23","date_gmt":"2025-11-19T08:16:23","guid":{"rendered":"https:\/\/www.europesays.com\/pt\/157383\/"},"modified":"2025-11-19T08:16:23","modified_gmt":"2025-11-19T08:16:23","slug":"medico-faz-alerta-para-idosos-apos-diagnostico-de-galvao-bueno-ja-nao-responde","status":"publish","type":"post","link":"https:\/\/www.europesays.com\/pt\/157383\/","title":{"rendered":"M\u00e9dico faz alerta para idosos ap\u00f3s diagn\u00f3stico de Galv\u00e3o Bueno: &#8216;J\u00e1 n\u00e3o responde&#8217;"},"content":{"rendered":"<p><a href=\"https:\/\/caras.com.br\/tags\/galvao-bueno\" rel=\"nofollow noopener\" target=\"_blank\"><strong>Galv\u00e3o Bueno<\/strong><\/a>, de 75 anos, est\u00e1 internado no Hospital S\u00edrio-Liban\u00eas, em S\u00e3o Paulo, ap\u00f3s ser diagnosticado com pneumonia viral. A fam\u00edlia confirmou que ele passa bem, est\u00e1 respondendo ao tratamento e j\u00e1 realiza sess\u00f5es de fisioterapia respirat\u00f3ria.<\/p>\n<p>Para entender melhor o quadro e a import\u00e2ncia da aten\u00e7\u00e3o redobrada nessa faixa et\u00e1ria, a <strong>CARAS Brasil<\/strong> conversou com o cardiologista <strong>Dr. Raphael Boesche Guimar\u00e3es<\/strong>, que explicou por que a situa\u00e7\u00e3o exige cuidado.<\/p>\n<p> Risco de complica\u00e7\u00f5es <\/p>\n<p>Segundo o especialista, quadros de pneumonia em idosos sempre acendem um alerta: \u201cPacientes acima dos 60 anos t\u00eam um risco aumentado de complica\u00e7\u00f5es, porque o sistema imunol\u00f3gico j\u00e1 n\u00e3o responde da mesma forma e o pulm\u00e3o perde capacidade com a idade. Mesmo quando a infec\u00e7\u00e3o \u00e9 viral, como no caso do Galv\u00e3o, \u00e9 fundamental acompanhar de perto e tratar rapidamente para evitar agravamentos\u201d.<\/p>\n<p>Ele afirma que o hist\u00f3rico de outras condi\u00e7\u00f5es card\u00edacas ou respirat\u00f3rias tamb\u00e9m pode influenciar na evolu\u00e7\u00e3o do quadro. Por isso, o acompanhamento multidisciplinar, envolvendo pneumologia, cardiologia e fisioterapia, costuma fazer parte da rotina de interna\u00e7\u00e3o.<\/p>\n<p>\t Como evitar? <\/p>\n<p>O cardiologista destaca que existem formas eficazes de reduzir o risco de epis\u00f3dios como esse.<\/p>\n<p>\u201cVacinas como a da influenza e a pneumoc\u00f3cica s\u00e3o essenciais para pessoas mais velhas. Elas diminuem muito a chance de infec\u00e7\u00f5es graves e hospitaliza\u00e7\u00f5es por pneumonia. Muita gente n\u00e3o sabe, mas pacientes com problemas card\u00edacos tamb\u00e9m t\u00eam indica\u00e7\u00e3o especial para essas vacinas\u201d.<\/p>\n<p>A preven\u00e7\u00e3o, segundo o m\u00e9dico, \u00e9 uma das principais estrat\u00e9gias para manter a sa\u00fade est\u00e1vel ap\u00f3s os 60 anos. O tratamento n\u00e3o acaba com a melhora inicial. A reabilita\u00e7\u00e3o, segundo Dr. Boesche, faz parte do processo para que o paciente volte ao ritmo normal.<\/p>\n<p>\u201cAp\u00f3s a fase aguda, a fisioterapia respirat\u00f3ria ajuda a recuperar a for\u00e7a dos pulm\u00f5es e evitar sequelas, principalmente em idosos. Exerc\u00edcios leves, orienta\u00e7\u00e3o m\u00e9dica cont\u00ednua e acompanhamento regular fazem toda a diferen\u00e7a na recupera\u00e7\u00e3o\u201d.<\/p>\n<p>A fam\u00edlia de Galv\u00e3o mant\u00e9m uma perspectiva otimista e afirma que o narrador vem respondendo muito bem ao tratamento. Caso continue evoluindo como esperado, ele deve receber alta nos pr\u00f3ximos dias.<\/p>\n<p><strong>Leia tamb\u00e9m<\/strong>: <a href=\"https:\/\/caras.com.br\/bem-estar\/medico-alerta-para-diagnostico-apos-internacao-de-galvao-bueno-casos-realmente-tendem-a-aumentar.phtml\" rel=\"nofollow noopener\" target=\"_blank\">M\u00e9dico alerta para diagn\u00f3stico ap\u00f3s interna\u00e7\u00e3o de Galv\u00e3o Bueno: \u2018Casos realmente tendem a aumentar\u2019<\/a><\/p>\n<p> ACOMPANHE O INSTAGRAM DA CARAS BRASIL E FIQUE POR DENTRO DE TUDO O QUE ACONTECE NO MUNDO DOS FAMOSOS: <\/p>\n<blockquote class=\"instagram-media\" style=\"background: #FFF; border: 0; border-radius: 3px; box-shadow: 0 0 1px 0 rgba(0,0,0,0.5),0 1px 10px 0 rgba(0,0,0,0.15); margin: 1px; max-width: 540px; min-width: 326px; padding: 0; width: calc(100% - 2px);\" data-instgrm-permalink=\"https:\/\/www.instagram.com\/p\/DRAdbcpkblo\/?utm_source=ig_embed&amp;utm_campaign=loading\" data-instgrm-version=\"14\"><\/blockquote>\n<p>        <a href=\"https:\/\/caras.com.br\/autor\/dr-raphael-boesche-guimaraes\" rel=\"nofollow noopener\" target=\"_blank\">&#13;<br \/>\n          <img loading=\"lazy\" decoding=\"async\" alt=\"Dr. Raphael Boesche Guimar\u00e3es\" src=\"https:\/\/www.europesays.com\/pt\/wp-content\/uploads\/2025\/11\/WhatsApp-Image-2025-04-07-at-19.35.40-150x150.jpeg\" class=\"avatar avatar-115 photo rounded-circle\" height=\"115\" width=\"115\"\/>        <\/a><\/p>\n<p>Dr. Raphael Boesche Guimar\u00e3es (CRM: 33565) \u00e9 m\u00e9dico cardiologista, com t\u00edtulo de especialista pela Sociedade Brasileira de Cardiologia. Graduado em Medicina pela Faculdade de Medicina de Passo Fundo (2009), concluiu resid\u00eancia em Cl\u00ednica M\u00e9dica pela UFCSPA (2012) e em Cardiologia pelo Instituto de Cardiologia do Rio Grande do Sul (2014), onde tamb\u00e9m obteve o t\u00edtulo de mestre na \u00e1rea (2017) e atualmente cursa doutorado. Atua como pesquisador cl\u00ednico em estudos internacionais e como m\u00e9dico intensivista no Instituto de Cardiologia do RS. \u00c9 preceptor da resid\u00eancia m\u00e9dica em Cardiologia, al\u00e9m de integrar comiss\u00f5es cient\u00edficas e ter vasta produ\u00e7\u00e3o acad\u00eamica publicada em peri\u00f3dicos nacionais e internacionais.<\/p>\n<p>\t                                            <script async src=\"\/\/www.instagram.com\/embed.js\"><\/script><\/p>\n","protected":false},"excerpt":{"rendered":"Galv\u00e3o Bueno, de 75 anos, est\u00e1 internado no Hospital S\u00edrio-Liban\u00eas, em S\u00e3o Paulo, ap\u00f3s ser diagnosticado com pneumonia&hellip;\n","protected":false},"author":2,"featured_media":157384,"comment_status":"","ping_status":"","sticky":false,"template":"","format":"standard","meta":{"footnotes":""},"categories":[145],"tags":[211,210,114,115,8430,2879,32,33],"class_list":{"0":"post-157383","1":"post","2":"type-post","3":"status-publish","4":"format-standard","5":"has-post-thumbnail","7":"category-celebridades","8":"tag-celebridades","9":"tag-celebrities","10":"tag-entertainment","11":"tag-entretenimento","12":"tag-galvao-bueno","13":"tag-pneumonia","14":"tag-portugal","15":"tag-pt"},"share_on_mastodon":{"url":"https:\/\/pubeurope.com\/@pt\/115575376257544690","error":""},"_links":{"self":[{"href":"https:\/\/www.europesays.com\/pt\/wp-json\/wp\/v2\/posts\/157383","targetHints":{"allow":["GET"]}}],"collection":[{"href":"https:\/\/www.europesays.com\/pt\/wp-json\/wp\/v2\/posts"}],"about":[{"href":"https:\/\/www.europesays.com\/pt\/wp-json\/wp\/v2\/types\/post"}],"author":[{"embeddable":true,"href":"https:\/\/www.europesays.com\/pt\/wp-json\/wp\/v2\/users\/2"}],"replies":[{"embeddable":true,"href":"https:\/\/www.europesays.com\/pt\/wp-json\/wp\/v2\/comments?post=157383"}],"version-history":[{"count":0,"href":"https:\/\/www.europesays.com\/pt\/wp-json\/wp\/v2\/posts\/157383\/revisions"}],"wp:featuredmedia":[{"embeddable":true,"href":"https:\/\/www.europesays.com\/pt\/wp-json\/wp\/v2\/media\/157384"}],"wp:attachment":[{"href":"https:\/\/www.europesays.com\/pt\/wp-json\/wp\/v2\/media?parent=157383"}],"wp:term":[{"taxonomy":"category","embeddable":true,"href":"https:\/\/www.europesays.com\/pt\/wp-json\/wp\/v2\/categories?post=157383"},{"taxonomy":"post_tag","embeddable":true,"href":"https:\/\/www.europesays.com\/pt\/wp-json\/wp\/v2\/tags?post=157383"}],"curies":[{"name":"wp","href":"https:\/\/api.w.org\/{rel}","templated":true}]}}