{"id":157400,"date":"2025-11-19T08:50:23","date_gmt":"2025-11-19T08:50:23","guid":{"rendered":"https:\/\/www.europesays.com\/pt\/157400\/"},"modified":"2025-11-19T08:50:23","modified_gmt":"2025-11-19T08:50:23","slug":"tinha-dito-contra-portugal-que-os-sonhos-eram-feitos-de-noites-como-aquela-mas-o-que-aconteceu-hoje","status":"publish","type":"post","link":"https:\/\/www.europesays.com\/pt\/157400\/","title":{"rendered":"\u00abTinha dito contra Portugal que os sonhos eram feitos de noites como aquela, mas o que aconteceu hoje\u2026\u00bb"},"content":{"rendered":"<p>&#8211; Advertisement &#8211;<\/p>\n<p><strong>Troy Parrott, her\u00f3i nos jogos frente a Portugal e Hungria, n\u00e3o escondeu a emo\u00e7\u00e3o ap\u00f3s ajudar a Irlanda a chegar ao play-off de qualifica\u00e7\u00e3o para o Mundial 2026.<\/strong><\/p>\n<p>A Irlanda conquistou o 2.\u00ba lugar do Grupo F, garantindo o play-off de qualifica\u00e7\u00e3o para o Mundial 2026. Troy Parrott, avan\u00e7ado de 23 anos, destacou-se ao marcar dois golos frente a Portugal e<a href=\"https:\/\/bolanarede.pt\/especial-bola-na-rede\/atualidade\/troy-parrott-volta-a-fazer-das-suas-e-irlanda-vence-hungria-nos-descontos-e-vai-ao-playoff-do-mundial-2026\/\" target=\"_blank\" rel=\"noreferrer noopener nofollow\"> brilhou novamente diante da Hungria, apontando um hat-trick<\/a>. O ponta-de-lan\u00e7a irland\u00eas n\u00e3o escondeu a emo\u00e7\u00e3o do momento:<\/p>\n<p>\u00abEstou muito, muito emocionado neste momento. S\u00e3o l\u00e1grimas de alegria. Que noite. Que noite. Prefiro que a press\u00e3o esteja toda em mim e o que acontecer aconteceu, do que coloc\u00e1-la sobre os ombros de algu\u00e9m. Prefiro ser eu a carreg\u00e1-la. N\u00e3o consigo acreditar. Sinceramente, n\u00e3o consigo mesmo acreditar [no que aconteceu hoje]. \u00c9 por isto que amamos o futebol, porque coisas como a que assistimos aqui hoje podem acontecer. Eu amo de onde venho, ent\u00e3o isto significa o mundo para mim. A minha fam\u00edlia est\u00e1 aqui. \u00c9 a primeira vez que choro em anos. N\u00e3o consigo mesmo acreditar. A minha m\u00e3e est\u00e1 muito orgulhosa de mim. Est\u00e3o todos a chorar, como podes ver. Tinha dito contra Portugal que os sonhos eram feitos de noites como aquela, mas o que aconteceu hoje, esta noite\u2026 acho que nunca terei uma noite assim em toda a minha vida\u00bb.<\/p>\n<p>Apesar de, ao fim de tr\u00eas jornadas, terem apenas um ponto, Troy Parrott confessa que nunca perdeu a esperan\u00e7a:<\/p>\n<p>\u00ab\u00c9 um conto de fadas, \u00e9 algo que nem tu consegues sonhar. N\u00e3o tenho palavras para descrever a emo\u00e7\u00e3o que sinto neste momento. Acho que todos escreveram que a Irlanda estava de fora [do Mundial] no in\u00edcio do grupo e eu sempre disse que havia sempre uma chance para n\u00f3s e conseguimos. Todos devem estar orgulhosos do que fizemos. Termos estado por duas vezes em desvantagem no jogo e depois darmos a volta desta forma\u2026 \u00e9 lindo\u00bb.<\/p>\n","protected":false},"excerpt":{"rendered":"&#8211; Advertisement &#8211; Troy Parrott, her\u00f3i nos jogos frente a Portugal e Hungria, n\u00e3o escondeu a emo\u00e7\u00e3o ap\u00f3s&hellip;\n","protected":false},"author":2,"featured_media":157401,"comment_status":"","ping_status":"","sticky":false,"template":"","format":"standard","meta":{"footnotes":""},"categories":[87],"tags":[260,135,9852,32,33,24452,134,33756],"class_list":{"0":"post-157400","1":"post","2":"type-post","3":"status-publish","4":"format-standard","5":"has-post-thumbnail","7":"category-desporto","8":"tag-atualidade","9":"tag-desporto","10":"tag-irlanda","11":"tag-portugal","12":"tag-pt","13":"tag-qualificacao-mundial-2026","14":"tag-sports","15":"tag-troy-parrot"},"share_on_mastodon":{"url":"https:\/\/pubeurope.com\/@pt\/115575509686704582","error":""},"_links":{"self":[{"href":"https:\/\/www.europesays.com\/pt\/wp-json\/wp\/v2\/posts\/157400","targetHints":{"allow":["GET"]}}],"collection":[{"href":"https:\/\/www.europesays.com\/pt\/wp-json\/wp\/v2\/posts"}],"about":[{"href":"https:\/\/www.europesays.com\/pt\/wp-json\/wp\/v2\/types\/post"}],"author":[{"embeddable":true,"href":"https:\/\/www.europesays.com\/pt\/wp-json\/wp\/v2\/users\/2"}],"replies":[{"embeddable":true,"href":"https:\/\/www.europesays.com\/pt\/wp-json\/wp\/v2\/comments?post=157400"}],"version-history":[{"count":0,"href":"https:\/\/www.europesays.com\/pt\/wp-json\/wp\/v2\/posts\/157400\/revisions"}],"wp:featuredmedia":[{"embeddable":true,"href":"https:\/\/www.europesays.com\/pt\/wp-json\/wp\/v2\/media\/157401"}],"wp:attachment":[{"href":"https:\/\/www.europesays.com\/pt\/wp-json\/wp\/v2\/media?parent=157400"}],"wp:term":[{"taxonomy":"category","embeddable":true,"href":"https:\/\/www.europesays.com\/pt\/wp-json\/wp\/v2\/categories?post=157400"},{"taxonomy":"post_tag","embeddable":true,"href":"https:\/\/www.europesays.com\/pt\/wp-json\/wp\/v2\/tags?post=157400"}],"curies":[{"name":"wp","href":"https:\/\/api.w.org\/{rel}","templated":true}]}}