{"id":157413,"date":"2025-11-19T09:08:46","date_gmt":"2025-11-19T09:08:46","guid":{"rendered":"https:\/\/www.europesays.com\/pt\/157413\/"},"modified":"2025-11-19T09:08:46","modified_gmt":"2025-11-19T09:08:46","slug":"sindicato-denuncia-despedimento-coletivo-na-nokia-portugal","status":"publish","type":"post","link":"https:\/\/www.europesays.com\/pt\/157413\/","title":{"rendered":"Sindicato denuncia despedimento coletivo na Nokia Portugal"},"content":{"rendered":"<p>&#8220;Este despedimento, al\u00e9m de injusto, se n\u00e3o for travado, ter\u00e1 dr\u00e1sticas consequ\u00eancias em termos de confian\u00e7a laboral entre os excelentes profissionais que vestem a &#8216;camisola&#8217; da Nokia&#8221;, sustenta o STT em comunicado, garantindo que &#8220;a argumenta\u00e7\u00e3o utilizada pela empresa \u00e9 falaciosa e mistificadora, baseada numa realidade &#8216;virtual&#8217; que \u00e9 desmentida e desconstru\u00edda pela atividade laboral&#8221;.<\/p>\n<p>De acordo com o sindicato, a gest\u00e3o da multinacional est\u00e1 a &#8220;perseguir trabalhadores que legitimamente se opuseram \u00e0 transmiss\u00e3o de estabelecimento para a Capgemini&#8221;, colocando &#8220;os seus interesses imediatos e os dos acionistas acima do respeito pelos trabalhadores&#8221;.<\/p>\n<p>Segundo precisa, os oito trabalhadores visados receberam na segunda-feira a comunica\u00e7\u00e3o da inten\u00e7\u00e3o de despedimento, onde se lia: &#8220;A partir da data de rece\u00e7\u00e3o da presente comunica\u00e7\u00e3o, e por inexistirem tarefas que possam ser desenvolvidas por si, V. Ex.\u00aa ficar\u00e1 dispensado(a) de prestar trabalho, sem perda de remunera\u00e7\u00e3o, at\u00e9 ao final do procedimento de despedimento coletivo que agora se inicia&#8221;.<\/p>\n<p>Manifestando &#8220;s\u00e9rias d\u00favidas quanto \u00e0 legalidade deste processo&#8221; e questionando a fundamenta\u00e7\u00e3o invocada, o STT diz estar em causa &#8220;uma viola\u00e7\u00e3o clara e grosseira do dever de ocupa\u00e7\u00e3o efetiva&#8221;.<\/p>\n<p>Neste sentido, o sindicato requereu uma reuni\u00e3o urgente aos recursos humanos da Nokia, &#8220;com o objetivo de exigir a suspens\u00e3o do processo e de defender os direitos e a dignidade dos trabalhadores&#8221;, e questiona: &#8220;Hoje o despedimento coletivo envolve oito trabalhadores. Amanh\u00e3 quantos abranger\u00e1 numa nova reorganiza\u00e7\u00e3o?&#8221;.<\/p>\n<p>O STT alerta ainda para os despedimentos que poder\u00e3o ocorrer no futuro se avan\u00e7ar o pacote laboral do Governo, &#8220;com uma legisla\u00e7\u00e3o ainda mais &#8216;amiga&#8217; do patr\u00e3o&#8221;.<\/p>\n<p>Em fevereiro de 2024, a Nokia Portugal procedeu a um despedimento coletivo de cerca de 140 trabalhadores, ent\u00e3o justificado com a &#8220;redefini\u00e7\u00e3o da base de custos&#8221;.<\/p>\n<p>&#8220;A redefini\u00e7\u00e3o da base de custos \u00e9 um passo necess\u00e1rio para nos ajustarmos ao ambiente macroecon\u00f3mico desafiante e para garantir a nossa rentabilidade e competitividade a longo prazo&#8221; e &#8220;continuamos confiantes nas oportunidades futuras&#8221;, disse na altura \u00e0 Lusa o porta-voz da tecnol\u00f3gica.<\/p>\n<p>Leia Tamb\u00e9m: <a href=\"https:\/\/www.noticiasaominuto.com\/tech\/2890289\/falha-deixou-sites-com-problemas-o-que-e-afinal-a-cloudflare\" target=\"_blank\" rel=\"noopener noreferrer nofollow\">Cloudflare: O que faz a empresa por tr\u00e1s da falha global de hoje?<\/a><\/p>\n","protected":false},"excerpt":{"rendered":"&#8220;Este despedimento, al\u00e9m de injusto, se n\u00e3o for travado, ter\u00e1 dr\u00e1sticas consequ\u00eancias em termos de confian\u00e7a laboral entre&hellip;\n","protected":false},"author":2,"featured_media":157414,"comment_status":"","ping_status":"","sticky":false,"template":"","format":"standard","meta":{"footnotes":""},"categories":[83],"tags":[88,89,90,32,33],"class_list":{"0":"post-157413","1":"post","2":"type-post","3":"status-publish","4":"format-standard","5":"has-post-thumbnail","7":"category-empresas","8":"tag-business","9":"tag-economy","10":"tag-empresas","11":"tag-portugal","12":"tag-pt"},"share_on_mastodon":{"url":"https:\/\/pubeurope.com\/@pt\/115575584409531288","error":""},"_links":{"self":[{"href":"https:\/\/www.europesays.com\/pt\/wp-json\/wp\/v2\/posts\/157413","targetHints":{"allow":["GET"]}}],"collection":[{"href":"https:\/\/www.europesays.com\/pt\/wp-json\/wp\/v2\/posts"}],"about":[{"href":"https:\/\/www.europesays.com\/pt\/wp-json\/wp\/v2\/types\/post"}],"author":[{"embeddable":true,"href":"https:\/\/www.europesays.com\/pt\/wp-json\/wp\/v2\/users\/2"}],"replies":[{"embeddable":true,"href":"https:\/\/www.europesays.com\/pt\/wp-json\/wp\/v2\/comments?post=157413"}],"version-history":[{"count":0,"href":"https:\/\/www.europesays.com\/pt\/wp-json\/wp\/v2\/posts\/157413\/revisions"}],"wp:featuredmedia":[{"embeddable":true,"href":"https:\/\/www.europesays.com\/pt\/wp-json\/wp\/v2\/media\/157414"}],"wp:attachment":[{"href":"https:\/\/www.europesays.com\/pt\/wp-json\/wp\/v2\/media?parent=157413"}],"wp:term":[{"taxonomy":"category","embeddable":true,"href":"https:\/\/www.europesays.com\/pt\/wp-json\/wp\/v2\/categories?post=157413"},{"taxonomy":"post_tag","embeddable":true,"href":"https:\/\/www.europesays.com\/pt\/wp-json\/wp\/v2\/tags?post=157413"}],"curies":[{"name":"wp","href":"https:\/\/api.w.org\/{rel}","templated":true}]}}