{"id":157421,"date":"2025-11-19T09:13:11","date_gmt":"2025-11-19T09:13:11","guid":{"rendered":"https:\/\/www.europesays.com\/pt\/157421\/"},"modified":"2025-11-19T09:13:11","modified_gmt":"2025-11-19T09:13:11","slug":"quadro-de-klimt-torna-se-a-segunda-obra-mais-cara-de-sempre-vendida-em-leilao","status":"publish","type":"post","link":"https:\/\/www.europesays.com\/pt\/157421\/","title":{"rendered":"Quadro de Klimt torna-se a segunda obra mais cara de sempre vendida em leil\u00e3o"},"content":{"rendered":"<p><strong>Um retrato pintado pelo austr\u00edaco Gustav Klimt, vendido por 236,4 milh\u00f5es de d\u00f3lares (204 milh\u00f5es de euros) pela Sotheby&#8217;s na ter\u00e7a-feira em Nova Iorque, tornou-se a segunda obra mais cara j\u00e1 leiloada.<\/strong><\/p>\n<p>O quadro mais caro at\u00e9 agora vendido em leil\u00e3o continua a ser a pintura &#8220;Salvator Mundi&#8221;, atribu\u00edda a Leonardo da Vinci, vendido por 450 milh\u00f5es de d\u00f3lares em 2017.<\/p>\n<p><strong>Seis compradores disputaram durante 20 minutos &#8220;O retrato de Elisabeth Lederer&#8221;<\/strong> (1914-1916), estimado em 150 milh\u00f5es de d\u00f3lares, que representa a <strong>filha do principal mecenas de Klimt<\/strong> num vestido imperial chin\u00eas branco, diante de uma tape\u00e7aria azul com motivos de inspira\u00e7\u00e3o asi\u00e1tica.<\/p>\n<p>\t\t<img decoding=\"async\" src=\"https:\/\/www.europesays.com\/pt\/wp-content\/uploads\/2025\/11\/1763543589_369_thumbs.web.sapo.io\"  loading=\"true\"\/><\/p>\n<p>                        Alexi Rosenfeld<\/p>\n<p>A Sotheby&#8217;s n\u00e3o revelou imediatamente o nome do comprador.<\/p>\n<p>Tal como o &#8220;Retrato de Elisabeth Lederer&#8221;, <strong>os grandes retratos de corpo inteiro realizados por Gustav Klimt durante o seu per\u00edodo de auge (entre 1912 e 1917) s\u00e3o &#8220;extremamente raros&#8221;<\/strong>, explica a Sotheby&#8217;s num comunicado. A maioria faz parte das cole\u00e7\u00f5es dos grandes museus, muito poucos s\u00e3o detidos por colecionadores privados.<\/p>\n<p>Para o artista austr\u00edaco, o recorde anterior em leil\u00e3o era detido pela &#8220;Senhora com leque&#8221; (1917-1918), adjudicada por 85,3 milh\u00f5es de libras esterlinas (98,9 milh\u00f5es de euros) em Londres em 2023.<\/p>\n<p>\t\t<img decoding=\"async\" src=\"https:\/\/www.europesays.com\/pt\/wp-content\/uploads\/2025\/11\/1763543590_634_thumbs.web.sapo.io\"  loading=\"true\"\/><\/p>\n<p>                        Kirsty Wigglesworth<\/p>\n<p>V\u00e1rias outras obras do artista foram vendidas no mesmo leil\u00e3o na ter\u00e7a-feira, incluindo o quadro &#8220;Prairie en fleur&#8221; (c. 1908) por 86 milh\u00f5es de d\u00f3lares (74,2 milh\u00f5es de euros) e o &#8220;Encostas florestais em Unterach am Attersee&#8221; (1916) por 68,3 milh\u00f5es de d\u00f3lares (58,9 milh\u00f5es de euros).<\/p>\n<p>Estas pinturas, bem como dois estudos para um retrato vendidos por 520.700 d\u00f3lares (449.550 euros) e 482.600 d\u00f3lares (416.650 euros), faziam parte da cole\u00e7\u00e3o de Leonard A. Lauder, herdeiro do imp\u00e9rio de cosm\u00e9ticos Est\u00e9e Lauder, falecido em junho aos 92 anos.<\/p>\n<p><strong>Colocado \u00e0 venda na quinta-feira pela Sotheby&#8217;s em Nova Iorque, um autorretrato de Frida Kahlo tem boas hip\u00f3teses de se tornar o quadro mais caro realizado por uma mulher.<\/strong><\/p>\n<p>Estimado entre 40 e 60 milh\u00f5es de d\u00f3lares, este quadro de 1940 intitulado &#8220;O Sonho (O Quarto)&#8221; representa-a a dormir numa cama sobre a qual se ergue um enorme esqueleto.<\/p>\n<p>\t\t<img decoding=\"async\" src=\"https:\/\/www.europesays.com\/pt\/wp-content\/uploads\/2025\/11\/1763543591_933_thumbs.web.sapo.io\"  loading=\"true\"\/><\/p>\n<p>                        Altaf Qadri<\/p>\n<p>O quadro mais caro de uma artista mulher vendido at\u00e9 agora \u00e9 uma obra de 1932 da americana Georgia O&#8217;Keeffe, que atingiu a quantia de 44,4 milh\u00f5es de d\u00f3lares em 2014.<\/p>\n<p>O recorde de Frida Kahlo \u00e9 outro autorretrato de 1949, &#8220;Diego e eu&#8221;, que foi vendido por 34,4 milh\u00f5es de d\u00f3lares em Nova Iorque.<\/p>\n","protected":false},"excerpt":{"rendered":"Um retrato pintado pelo austr\u00edaco Gustav Klimt, vendido por 236,4 milh\u00f5es de d\u00f3lares (204 milh\u00f5es de euros) pela&hellip;\n","protected":false},"author":2,"featured_media":157422,"comment_status":"","ping_status":"","sticky":false,"template":"","format":"standard","meta":{"footnotes":""},"categories":[144],"tags":[207,205,206,203,201,202,204,114,115,32,33],"class_list":{"0":"post-157421","1":"post","2":"type-post","3":"status-publish","4":"format-standard","5":"has-post-thumbnail","7":"category-arte-e-design","8":"tag-arte","9":"tag-arte-e-design","10":"tag-artedesign","11":"tag-arts","12":"tag-arts-and-design","13":"tag-artsanddesign","14":"tag-design","15":"tag-entertainment","16":"tag-entretenimento","17":"tag-portugal","18":"tag-pt"},"share_on_mastodon":{"url":"https:\/\/pubeurope.com\/@pt\/115575600411034584","error":""},"_links":{"self":[{"href":"https:\/\/www.europesays.com\/pt\/wp-json\/wp\/v2\/posts\/157421","targetHints":{"allow":["GET"]}}],"collection":[{"href":"https:\/\/www.europesays.com\/pt\/wp-json\/wp\/v2\/posts"}],"about":[{"href":"https:\/\/www.europesays.com\/pt\/wp-json\/wp\/v2\/types\/post"}],"author":[{"embeddable":true,"href":"https:\/\/www.europesays.com\/pt\/wp-json\/wp\/v2\/users\/2"}],"replies":[{"embeddable":true,"href":"https:\/\/www.europesays.com\/pt\/wp-json\/wp\/v2\/comments?post=157421"}],"version-history":[{"count":0,"href":"https:\/\/www.europesays.com\/pt\/wp-json\/wp\/v2\/posts\/157421\/revisions"}],"wp:featuredmedia":[{"embeddable":true,"href":"https:\/\/www.europesays.com\/pt\/wp-json\/wp\/v2\/media\/157422"}],"wp:attachment":[{"href":"https:\/\/www.europesays.com\/pt\/wp-json\/wp\/v2\/media?parent=157421"}],"wp:term":[{"taxonomy":"category","embeddable":true,"href":"https:\/\/www.europesays.com\/pt\/wp-json\/wp\/v2\/categories?post=157421"},{"taxonomy":"post_tag","embeddable":true,"href":"https:\/\/www.europesays.com\/pt\/wp-json\/wp\/v2\/tags?post=157421"}],"curies":[{"name":"wp","href":"https:\/\/api.w.org\/{rel}","templated":true}]}}