{"id":157423,"date":"2025-11-19T09:15:12","date_gmt":"2025-11-19T09:15:12","guid":{"rendered":"https:\/\/www.europesays.com\/pt\/157423\/"},"modified":"2025-11-19T09:15:12","modified_gmt":"2025-11-19T09:15:12","slug":"duda-wendling-dudu-camargo-e-maria-caporusso-disputam-a-prova-do-fazendeiro-desta-quarta-19-record","status":"publish","type":"post","link":"https:\/\/www.europesays.com\/pt\/157423\/","title":{"rendered":"Duda Wendling, Dudu Camargo e Maria Caporusso disputam a Prova do Fazendeiro desta quarta (19) \u2013 Record"},"content":{"rendered":"<p><img decoding=\"async\" data-chromatic=\"ignore\" alt=\"\" class=\"c-image\" loading=\"lazy\" src=\"https:\/\/www.europesays.com\/pt\/wp-content\/uploads\/2025\/11\/L7O65DKB2NCPPPWILDBKJ4ZUQE.png\"  width=\"677\" height=\"339\"\/>Voc\u00ea vai torcer para Duda, Dudu ou Maria? RECORD\/Antonio Chahestian <\/p>\n<p class=\"jarvics:base-text-neutral-high-400 base-text-[calc(theme(fontSize.xs)_*_var(--font-size,_1))] base-font-normal base-font-primary base-text-neutral-low-500 base-text-left\">Com os \u00e2nimos \u00e0 flor da pele para a reta final de <a href=\"https:\/\/record.r7.com\/a-fazenda\/a-fazenda-17\/\" target=\"_self\" rel=\"nofollow noopener\" title=\"https:\/\/record.r7.com\/a-fazenda\/a-fazenda-17\/\"><b>A Fazenda 17<\/b><\/a>, os pe\u00f5es n\u00e3o conseguem conter o fogo no feno em Itapecerica das Chamas. Nesta ter\u00e7a (18), a nona forma\u00e7\u00e3o de Ro\u00e7a da temporada inflamou ainda mais o game. Olha s\u00f3!<\/p>\n<ul class=\"b-article-body__list-unordered\">\n<li><b>Quer ficar por dentro de tudo que est\u00e1 acontecendo em\u00a0<\/b><b>A Fazenda 17<\/b><b>?\u00a0<\/b><a href=\"https:\/\/www.whatsapp.com\/channel\/0029Va2cJIR1noz2ahzX0D1N\" rel=\"nofollow noopener\" title=\"https:\/\/www.whatsapp.com\/channel\/0029Va2cJIR1noz2ahzX0D1N\" target=\"_blank\"><b>Clique aqui<\/b><\/a><b>\u00a0e fa\u00e7a parte do nosso canal no WhatsApp!<\/b><\/li>\n<\/ul>\n<p class=\"jarvics:base-text-neutral-high-400 base-text-[calc(theme(fontSize.xs)_*_var(--font-size,_1))] base-font-normal base-font-primary base-text-neutral-low-500 base-text-left\">Empolgada com a primeira vit\u00f3ria na <a href=\"https:\/\/record.r7.com\/a-fazenda\/a-fazenda-17\/novidades\/fotos\/spa-rural-confira-os-detalhes-da-vitoria-de-tamires-assis-na-prova-de-fogo-18112025-2\/\" target=\"_self\" rel=\"nofollow noopener\" title=\"https:\/\/record.r7.com\/a-fazenda\/a-fazenda-17\/novidades\/fotos\/spa-rural-confira-os-detalhes-da-vitoria-de-tamires-assis-na-prova-de-fogo-18112025-2\/\"><b>Prova de Fogo<\/b><\/a>, <a href=\"https:\/\/record.r7.com\/a-fazenda\/a-fazenda-17\/peoes\/tamires-assis\" target=\"_self\" rel=\"nofollow noopener\" title=\"https:\/\/record.r7.com\/a-fazenda\/a-fazenda-17\/peoes\/tamires-assis\"><b>T\u00e0mires Ass\u00ees<\/b><\/a><b> <\/b>acendeu as chamas do Lampi\u00e3o do Poder e libertou os pergaminhos. Ap\u00f3s analisar as op\u00e7\u00f5es, a cunh\u00e3 ficou com o branco e entregou o laranja para <a href=\"https:\/\/record.r7.com\/a-fazenda\/a-fazenda-17\/peoes\/toninho-tornado\" target=\"_self\" rel=\"nofollow noopener\" title=\"https:\/\/record.r7.com\/a-fazenda\/a-fazenda-17\/peoes\/toninho-tornado\"><b>Toninho Tornado<\/b><\/a>. <\/p>\n<p class=\"jarvics:base-text-neutral-high-400 base-text-[calc(theme(fontSize.xs)_*_var(--font-size,_1))] base-font-normal base-font-primary base-text-neutral-low-500 base-text-left\">Cumprindo sua promessa de Fazendeira, <a href=\"https:\/\/record.r7.com\/a-fazenda\/a-fazenda-17\/peoes\/saory-cardoso\" target=\"_self\" rel=\"nofollow noopener\" title=\"https:\/\/record.r7.com\/a-fazenda\/a-fazenda-17\/peoes\/saory-cardoso\"><b>Saory Cardoso<\/b><\/a> n\u00e3o fez mist\u00e9rio e mandou seu maior inimigo na sede direto para o primeiro banquinho. <\/p>\n<p class=\"jarvics:base-text-neutral-high-400 base-text-[calc(theme(fontSize.xs)_*_var(--font-size,_1))] base-font-normal base-font-primary base-text-neutral-low-500 base-text-left\">\u201c\u00c9 o famoso palestrinha. Fala, fala e n\u00e3o diz nada\u201d, disparou a dentista ao devolver a indica\u00e7\u00e3o para <a href=\"https:\/\/record.r7.com\/a-fazenda\/a-fazenda-17\/peoes\/wallas-arrais\" target=\"_self\" rel=\"nofollow noopener\" title=\"https:\/\/record.r7.com\/a-fazenda\/a-fazenda-17\/peoes\/wallas-arrais\"><b>Wallas Arrais<\/b><\/a>. <\/p>\n<p class=\"jarvics:base-text-neutral-high-400 base-text-[calc(theme(fontSize.xs)_*_var(--font-size,_1))] base-font-normal base-font-primary base-text-neutral-low-500 base-text-left\">O cantor j\u00e1 sabia que seria escolhido pela rival e preparou uma defesa cheia de alfinetadas: \u201cMuita mentira, soberba e falta de humildade\u201d.<\/p>\n<p class=\"jarvics:base-text-neutral-high-400 base-text-[calc(theme(fontSize.xs)_*_var(--font-size,_1))] base-font-normal base-font-primary base-text-neutral-low-500 base-text-left\">Colocando as estrat\u00e9gias da semana em pr\u00e1tica, os competidores partiram para a vota\u00e7\u00e3o cara a cara. Ao acumular sete votos na conta, <a href=\"https:\/\/record.r7.com\/a-fazenda\/a-fazenda-17\/peoes\/maria-caporusso\" target=\"_self\" rel=\"nofollow noopener\" title=\"https:\/\/record.r7.com\/a-fazenda\/a-fazenda-17\/peoes\/maria-caporusso\"><b>Maria Caporusso<\/b><\/a> levou a pior. <\/p>\n<p class=\"jarvics:base-text-neutral-high-400 base-text-[calc(theme(fontSize.xs)_*_var(--font-size,_1))] base-font-normal base-font-primary base-text-neutral-low-500 base-text-left\">Com isso, a influenciadora teve a miss\u00e3o de selecionar um morador da Baia para integrar o \u201ctime\u201d de Roceiros e puxou <a href=\"https:\/\/record.r7.com\/a-fazenda\/a-fazenda-17\/peoes\/dudu-camargo\" target=\"_self\" rel=\"nofollow noopener\" title=\"https:\/\/record.r7.com\/a-fazenda\/a-fazenda-17\/peoes\/dudu-camargo\"><b>Dudu Camargo<\/b><\/a>. <\/p>\n<p class=\"jarvics:base-text-neutral-high-400 base-text-[calc(theme(fontSize.xs)_*_var(--font-size,_1))] base-font-normal base-font-primary base-text-neutral-low-500 base-text-left\">Chegou a hora do Resta Um e o Poder da Chama Laranja entregou uma reviravolta de bandeja. Dessa vez, o dono do pergaminho escolheria, entre os dois \u00faltimos pe\u00f5es da din\u00e2mica, quem ocuparia o terceiro lugar. <\/p>\n<p class=\"jarvics:base-text-neutral-high-400 base-text-[calc(theme(fontSize.xs)_*_var(--font-size,_1))] base-font-normal base-font-primary base-text-neutral-low-500 base-text-left\">A decis\u00e3o ficou entre <a href=\"https:\/\/record.r7.com\/a-fazenda\/a-fazenda-17\/peoes\/duda-wendling\" target=\"_self\" rel=\"nofollow noopener\" title=\"https:\/\/record.r7.com\/a-fazenda\/a-fazenda-17\/peoes\/duda-wendling\"><b>Duda Wendling<\/b><\/a> e <a href=\"https:\/\/record.r7.com\/a-fazenda\/a-fazenda-17\/peoes\/luiz-mesquita\" target=\"_self\" rel=\"nofollow noopener\" title=\"https:\/\/record.r7.com\/a-fazenda\/a-fazenda-17\/peoes\/luiz-mesquita\"><b>Luiz Mesquita<\/b><\/a>. Com a vantagem em m\u00e3os, Toninho salvou o atleta do perrengue e mandou a ex-atriz mirim para o \u00faltimo banquinho. <\/p>\n<p class=\"jarvics:base-text-neutral-high-400 base-text-[calc(theme(fontSize.xs)_*_var(--font-size,_1))] base-font-normal base-font-primary base-text-neutral-low-500 base-text-left\">Apesar do destino indesejado, Duda p\u00f4de vetar um competidor da Prova do Fazendeiro desta quarta (19) e impediu Wallas de disputar pela coroa caipira. <\/p>\n<p class=\"jarvics:base-text-neutral-high-400 base-text-[calc(theme(fontSize.xs)_*_var(--font-size,_1))] base-font-normal base-font-primary base-text-neutral-low-500 base-text-left\">Contudo, a lamparina do caos voltou. Dona do pergaminho branco, T\u00e0mires p\u00f4de escolher ganhar um pr\u00eamio de R$ 10 mil reais caso deixasse a sede sem \u00e1gua quente por 48 horas.<\/p>\n<p class=\"jarvics:base-text-neutral-high-400 base-text-[calc(theme(fontSize.xs)_*_var(--font-size,_1))] base-font-normal base-font-primary base-text-neutral-low-500 base-text-left\">Sem hesitar, a peoa aceitou a oferta: \u201cAcho que mere\u00e7o\u201d. <\/p>\n<p class=\"jarvics:base-text-neutral-high-400 base-text-[calc(theme(fontSize.xs)_*_var(--font-size,_1))] base-font-normal base-font-primary base-text-neutral-low-500 base-text-left\">Com isso, Duda, Dudu e Maria, v\u00e3o se jogar no Gigante de Feno na tentativa de escapar da berlinda e assumir o comando da sede. N\u00e3o perca!<\/p>\n<p class=\"jarvics:base-text-neutral-high-400 base-text-[calc(theme(fontSize.xs)_*_var(--font-size,_1))] base-font-normal base-font-primary base-text-neutral-low-500 base-text-left\">Fique ligado! <a href=\"https:\/\/record.r7.com\/a-fazenda\/a-fazenda-17\/\" rel=\"nofollow noopener\" title=\"https:\/\/record.r7.com\/a-fazenda\/a-fazenda-17\/\" target=\"_blank\"><b>A Fazenda 17<\/b><\/a> vai ao ar de segunda a domingo, \u00e0s 22h30, na tela da <a href=\"https:\/\/record.r7.com\/\" rel=\"nofollow noopener\" target=\"_blank\"><b>RECORD<\/b><\/a>. Assine o <a href=\"https:\/\/www.recordplus.com\/home\" rel=\"nofollow noopener\" title=\"https:\/\/www.recordplus.com\/home\" target=\"_blank\"><b>RecordPlus<\/b><\/a> e tenha acesso \u00e0s c\u00e2meras 24 horas.<\/p>\n<p><b>Sem descanso para o ran\u00e7o! Pe\u00f5es armam barracos na sede ap\u00f3s incendiarem o deck de <\/b><b>A Fazenda 17<\/b><\/p>\n<p class=\"jarvics:base-text-neutral-high-400 base-text-[calc(theme(fontSize.xxs)_*_var(--font-size,_1))] base-font-semibold base-font-primary base-text-neutral-low-500 base-text-left\">Com as fa\u00edscas acesas na din\u00e2mica de apontamento &#8220;Pedra no Sapato&#8221;, o feno queimou no deck de A Fazenda 17. Como de costume, os pe\u00f5es levaram os barracos para a sede e mais uma s\u00e9rie de inc\u00eandios dominou Itapecerica das Chamas. Entre gritaria, amea\u00e7as e ofensas cl\u00e1ssicas, rolou atrito at\u00e9 entre amigos; se liga!<\/p>\n","protected":false},"excerpt":{"rendered":"Voc\u00ea vai torcer para Duda, Dudu ou Maria? RECORD\/Antonio Chahestian Com os \u00e2nimos \u00e0 flor da pele para&hellip;\n","protected":false},"author":2,"featured_media":157424,"comment_status":"","ping_status":"","sticky":false,"template":"","format":"standard","meta":{"footnotes":""},"categories":[142],"tags":[657,114,115,32,22718,33,22719,151],"class_list":{"0":"post-157423","1":"post","2":"type-post","3":"status-publish","4":"format-standard","5":"has-post-thumbnail","7":"category-tv","8":"tag-a-fazenda","9":"tag-entertainment","10":"tag-entretenimento","11":"tag-portugal","12":"tag-prova-do-fazendeiro","13":"tag-pt","14":"tag-roca","15":"tag-tv"},"share_on_mastodon":{"url":"https:\/\/pubeurope.com\/@pt\/115575608295551307","error":""},"_links":{"self":[{"href":"https:\/\/www.europesays.com\/pt\/wp-json\/wp\/v2\/posts\/157423","targetHints":{"allow":["GET"]}}],"collection":[{"href":"https:\/\/www.europesays.com\/pt\/wp-json\/wp\/v2\/posts"}],"about":[{"href":"https:\/\/www.europesays.com\/pt\/wp-json\/wp\/v2\/types\/post"}],"author":[{"embeddable":true,"href":"https:\/\/www.europesays.com\/pt\/wp-json\/wp\/v2\/users\/2"}],"replies":[{"embeddable":true,"href":"https:\/\/www.europesays.com\/pt\/wp-json\/wp\/v2\/comments?post=157423"}],"version-history":[{"count":0,"href":"https:\/\/www.europesays.com\/pt\/wp-json\/wp\/v2\/posts\/157423\/revisions"}],"wp:featuredmedia":[{"embeddable":true,"href":"https:\/\/www.europesays.com\/pt\/wp-json\/wp\/v2\/media\/157424"}],"wp:attachment":[{"href":"https:\/\/www.europesays.com\/pt\/wp-json\/wp\/v2\/media?parent=157423"}],"wp:term":[{"taxonomy":"category","embeddable":true,"href":"https:\/\/www.europesays.com\/pt\/wp-json\/wp\/v2\/categories?post=157423"},{"taxonomy":"post_tag","embeddable":true,"href":"https:\/\/www.europesays.com\/pt\/wp-json\/wp\/v2\/tags?post=157423"}],"curies":[{"name":"wp","href":"https:\/\/api.w.org\/{rel}","templated":true}]}}