{"id":157426,"date":"2025-11-19T09:21:11","date_gmt":"2025-11-19T09:21:11","guid":{"rendered":"https:\/\/www.europesays.com\/pt\/157426\/"},"modified":"2025-11-19T09:21:11","modified_gmt":"2025-11-19T09:21:11","slug":"35-mil-milhoes-de-numeros-whatsapp-roubados-10-milhoes-em-portugal","status":"publish","type":"post","link":"https:\/\/www.europesays.com\/pt\/157426\/","title":{"rendered":"3,5 mil milh\u00f5es de n\u00fameros WhatsApp roubados! 10 milh\u00f5es em Portugal"},"content":{"rendered":"<p>Ainda que esteja a investir em seguran\u00e7a e prote\u00e7\u00e3o dos utilizadores, o WhatsApp n\u00e3o se livra de problemas. Investigadores de seguran\u00e7a descobriram uma vulnerabilidade grave que permitiu extrair cerca de 3,5 mil milh\u00f5es de n\u00fameros de telefone de utilizadores do WhatsApp. S\u00f3 de Portugal foram 10 milh\u00f5es os n\u00fameros obtidos.<\/p>\n<p><a target=\"_blank\" href=\"https:\/\/pplware.sapo.pt\/wp-content\/uploads\/2022\/05\/hacker_whatsapp_1.jpg\" onclick=\"refreshIframe()\" class=\"foobox\" rel=\"nofollow noopener\"><img fetchpriority=\"high\" decoding=\"async\" src=\"https:\/\/www.europesays.com\/pt\/wp-content\/uploads\/2025\/11\/hacker_whatsapp_1-1024x576.jpg\" alt=\"WhatsApp n\u00fameros roubados Meta\" width=\"720\" height=\"405\" class=\"aligncenter size-large wp-image-852094\"  \/><\/a>\n<\/p>\n<p>3,5 mil milh\u00f5es de n\u00fameros roubados! 10 milh\u00f5es de Portugal<\/p>\n<p>A extrema facilidade de utiliza\u00e7\u00e3o do WhatsApp \u00e9, sem d\u00favida, o seu maior ponto fraco. Uma equipa de investigadores de seguran\u00e7a austr\u00edacos acaba de o <a target=\"_blank\" href=\"https:\/\/github.com\/sbaresearch\/whatsapp-census\/blob\/main\/Hey_there_You_are_using_WhatsApp.pdf\" rel=\"nofollow noopener\">demonstrar<\/a> ao extrair com sucesso cerca de 3,5 mil milh\u00f5es de n\u00fameros de telem\u00f3vel pertencentes a utilizadores do servi\u00e7o de mensagens instant\u00e2neas. E para o conseguir, n\u00e3o precisaram de procurar muito.<\/p>\n<p>O m\u00e9todo utilizado para descobrir com sucesso os dados dos utilizadores \u00e9, na verdade, bastante simples. Os investigadores da Universidade de Viena acederam diretamente ao sistema de pesquisa de contactos do aplicativo de mensagens. Ao registar todos os n\u00fameros de telefone poss\u00edveis, encontraram facilmente os utilizadores e obtiveram os seus nomes. <\/p>\n<p>Dos 3,5 mil milh\u00f5es de n\u00fameros correspondentes a um utilizador do WhatsApp, pouco mais de metade permitiu obter a fotografia do utilizador associada ao n\u00famero, e quase um ter\u00e7o destes n\u00fameros deu acesso ao estado do utilizador. O principal problema apontado por estes investigadores \u00e9 que esta vulnerabilidade de seguran\u00e7a \u00e9 conhecida pela Meta h\u00e1 muito tempo. <\/p>\n<p><a target=\"_blank\" href=\"https:\/\/pplware.sapo.pt\/wp-content\/uploads\/2025\/09\/whatsapp_telefone_1.jpg\" onclick=\"refreshIframe()\" class=\"foobox\" rel=\"nofollow noopener\"><img loading=\"lazy\" decoding=\"async\" src=\"https:\/\/www.europesays.com\/pt\/wp-content\/uploads\/2025\/09\/whatsapp_telefone_1-1024x576.jpg\" alt=\"WhatsApp n\u00fameros roubados Meta\" width=\"720\" height=\"405\" class=\"aligncenter size-large wp-image-1081071\"  \/><\/a><\/p>\n<p>Meta j\u00e1 sabia desta falha muito grave no WhatsApp h\u00e1 anos<\/p>\n<p>Em 2017, outro investigador de seguran\u00e7a j\u00e1 tinha alertado a empresa-m\u00e3e do WhatsApp para a possibilidade de extrair dados atrav\u00e9s deste m\u00e9todo. Apesar do aviso, a Meta nunca considerou necess\u00e1rio modificar o seu sistema, limitando o n\u00famero de pesquisas que podem ser realizadas para encontrar um utilizador. <\/p>\n<p>Para realizar a opera\u00e7\u00e3o, os investigadores acederam diretamente \u00e0 interface web do servi\u00e7o, o que lhes permitiu verificar aproximadamente 100 milh\u00f5es de n\u00fameros de telefone por hora. A boa not\u00edcia \u00e9 que a extra\u00e7\u00e3o de dados n\u00e3o foi realizada por agentes maliciosos. Mas os investigadores s\u00e3o categ\u00f3ricos: &#8220;Ao que sabemos, esta \u00e9 a exposi\u00e7\u00e3o mais extensa de n\u00fameros de telefone e dados associados j\u00e1 documentada&#8221;.<\/p>\n<p>Os investigadores, que j\u00e1 apagaram a sua c\u00f3pia dos n\u00fameros de telefone de 3,5 mil milh\u00f5es de utilizadores, notificaram a Meta sobre a sua descoberta em abril passado. A Meta lan\u00e7ou finalmente uma atualiza\u00e7\u00e3o em outubro para limitar o n\u00famero de pesquisas que podem ser feitas para encontrar um contacto. A empresa-m\u00e3e do WhatsApp tentou minimizar o assunto, alegando que se tratava apenas de &#8220;informa\u00e7\u00e3o p\u00fablica b\u00e1sica&#8221;.<\/p>\n","protected":false},"excerpt":{"rendered":"Ainda que esteja a investir em seguran\u00e7a e prote\u00e7\u00e3o dos utilizadores, o WhatsApp n\u00e3o se livra de problemas.&hellip;\n","protected":false},"author":2,"featured_media":157427,"comment_status":"","ping_status":"","sticky":false,"template":"","format":"standard","meta":{"footnotes":""},"categories":[84],"tags":[109,107,108,111,7798,32,33,33758,105,103,104,106,110,894],"class_list":{"0":"post-157426","1":"post","2":"type-post","3":"status-publish","4":"format-standard","5":"has-post-thumbnail","7":"category-ciencia-e-tecnologia","8":"tag-ciencia","9":"tag-ciencia-e-tecnologia","10":"tag-cienciaetecnologia","11":"tag-meta","12":"tag-numeros","13":"tag-portugal","14":"tag-pt","15":"tag-roubados","16":"tag-science","17":"tag-science-and-technology","18":"tag-scienceandtechnology","19":"tag-technology","20":"tag-tecnologia","21":"tag-whatsapp"},"share_on_mastodon":{"url":"https:\/\/pubeurope.com\/@pt\/115575632057114615","error":""},"_links":{"self":[{"href":"https:\/\/www.europesays.com\/pt\/wp-json\/wp\/v2\/posts\/157426","targetHints":{"allow":["GET"]}}],"collection":[{"href":"https:\/\/www.europesays.com\/pt\/wp-json\/wp\/v2\/posts"}],"about":[{"href":"https:\/\/www.europesays.com\/pt\/wp-json\/wp\/v2\/types\/post"}],"author":[{"embeddable":true,"href":"https:\/\/www.europesays.com\/pt\/wp-json\/wp\/v2\/users\/2"}],"replies":[{"embeddable":true,"href":"https:\/\/www.europesays.com\/pt\/wp-json\/wp\/v2\/comments?post=157426"}],"version-history":[{"count":0,"href":"https:\/\/www.europesays.com\/pt\/wp-json\/wp\/v2\/posts\/157426\/revisions"}],"wp:featuredmedia":[{"embeddable":true,"href":"https:\/\/www.europesays.com\/pt\/wp-json\/wp\/v2\/media\/157427"}],"wp:attachment":[{"href":"https:\/\/www.europesays.com\/pt\/wp-json\/wp\/v2\/media?parent=157426"}],"wp:term":[{"taxonomy":"category","embeddable":true,"href":"https:\/\/www.europesays.com\/pt\/wp-json\/wp\/v2\/categories?post=157426"},{"taxonomy":"post_tag","embeddable":true,"href":"https:\/\/www.europesays.com\/pt\/wp-json\/wp\/v2\/tags?post=157426"}],"curies":[{"name":"wp","href":"https:\/\/api.w.org\/{rel}","templated":true}]}}