{"id":157432,"date":"2025-11-19T09:25:59","date_gmt":"2025-11-19T09:25:59","guid":{"rendered":"https:\/\/www.europesays.com\/pt\/157432\/"},"modified":"2025-11-19T09:25:59","modified_gmt":"2025-11-19T09:25:59","slug":"detido-homem-suspeito-de-matar-a-tiro-pai-e-filho-no-montijo-policia-judiciaria","status":"publish","type":"post","link":"https:\/\/www.europesays.com\/pt\/157432\/","title":{"rendered":"Detido homem suspeito de matar a tiro pai e filho no Montijo | Pol\u00edcia Judici\u00e1ria"},"content":{"rendered":"<p>A Pol\u00edcia Judici\u00e1ria (PJ) deteve esta segunda-feira um homem de 61 anos suspeito de <a href=\"https:\/\/www.publico.pt\/2025\/11\/17\/sociedade\/noticia\/negocios-terao-motivado-assassinato-pai-filho-restaurante-montijo-2154892\" rel=\"nofollow noopener\" target=\"_blank\">matar a tiro, no domingo, dois homens, pai e filho<\/a>, num restaurante no Montijo, no distrito de Set\u00fabal.<\/p>\n<p>Em comunicado, esta for\u00e7a policial sublinhou que os motivos ainda n\u00e3o est\u00e3o completamente apurados, depois de um homem se ter deslocado a um restaurante no Montijo e efectuado v\u00e1rios disparos com uma arma de fogo, provocando as mortes a pai e filho, de 60 e 23 anos, respectivamente.<\/p>\n<p>&#8220;A Pol\u00edcia Judici\u00e1ria ir\u00e1 prosseguir a investiga\u00e7\u00e3o a fim de apurar os factos que estiveram na g\u00e9nese dos homic\u00eddios, bem como a recupera\u00e7\u00e3o da arma de fogo utilizada&#8221;, pode ler-se.<\/p>\n<p>O suspeito, que tem antecedentes policiais pelos crimes de sequestro e furto de ve\u00edculo, ser\u00e1 presente na ter\u00e7a-feira a primeiro interrogat\u00f3rio judicial para aplica\u00e7\u00e3o das medidas de coa\u00e7\u00e3o, referiu ainda a PJ.<\/p>\n<p>A opera\u00e7\u00e3o da PJ foi executada atrav\u00e9s do Departamento de Investiga\u00e7\u00e3o Criminal de Set\u00fabal, com a colabora\u00e7\u00e3o do Departamento de Investiga\u00e7\u00e3o da Guarda.<\/p>\n<p>As <a href=\"https:\/\/www.publico.pt\/2025\/11\/16\/sociedade\/noticia\/dois-homens-baleados-montijo-transportados-hospital-2154855\" rel=\"nofollow noopener\" target=\"_blank\">duas v\u00edtimas foram baleadas<\/a> no restaurante perto das 20h00 de domingo e transportadas para o hospital do Barreiro em manobras de reanima\u00e7\u00e3o, onde foi declarado o \u00f3bito, segundo as autoridades.<\/p>\n<p>\u00c0 Lusa, fonte do Comando Territorial de Set\u00fabal da GNR tinha revelado, no domingo, que as duas pessoas baleadas eram familiares, enquanto o suspeito teria um &#8220;relacionamento de trabalho com as v\u00edtimas&#8221;.<\/p>\n","protected":false},"excerpt":{"rendered":"A Pol\u00edcia Judici\u00e1ria (PJ) deteve esta segunda-feira um homem de 61 anos suspeito de matar a tiro, no&hellip;\n","protected":false},"author":2,"featured_media":157433,"comment_status":"","ping_status":"","sticky":false,"template":"","format":"standard","meta":{"footnotes":""},"categories":[8],"tags":[27,28,604,15,16,14,603,25,26,21,22,26507,12,13,19,20,4107,2445,32,23,24,33,58,17,18,29,30,31],"class_list":{"0":"post-157432","1":"post","2":"type-post","3":"status-publish","4":"format-standard","5":"has-post-thumbnail","7":"category-principais-noticias","8":"tag-breaking-news","9":"tag-breakingnews","10":"tag-crime","11":"tag-featured-news","12":"tag-featurednews","13":"tag-headlines","14":"tag-justica","15":"tag-latest-news","16":"tag-latestnews","17":"tag-main-news","18":"tag-mainnews","19":"tag-montijo","20":"tag-news","21":"tag-noticias","22":"tag-noticias-principais","23":"tag-noticiasprincipais","24":"tag-pj","25":"tag-policia-judiciaria","26":"tag-portugal","27":"tag-principais-noticias","28":"tag-principaisnoticias","29":"tag-pt","30":"tag-sociedade","31":"tag-top-stories","32":"tag-topstories","33":"tag-ultimas","34":"tag-ultimas-noticias","35":"tag-ultimasnoticias"},"share_on_mastodon":{"url":"https:\/\/pubeurope.com\/@pt\/115575651367199754","error":""},"_links":{"self":[{"href":"https:\/\/www.europesays.com\/pt\/wp-json\/wp\/v2\/posts\/157432","targetHints":{"allow":["GET"]}}],"collection":[{"href":"https:\/\/www.europesays.com\/pt\/wp-json\/wp\/v2\/posts"}],"about":[{"href":"https:\/\/www.europesays.com\/pt\/wp-json\/wp\/v2\/types\/post"}],"author":[{"embeddable":true,"href":"https:\/\/www.europesays.com\/pt\/wp-json\/wp\/v2\/users\/2"}],"replies":[{"embeddable":true,"href":"https:\/\/www.europesays.com\/pt\/wp-json\/wp\/v2\/comments?post=157432"}],"version-history":[{"count":0,"href":"https:\/\/www.europesays.com\/pt\/wp-json\/wp\/v2\/posts\/157432\/revisions"}],"wp:featuredmedia":[{"embeddable":true,"href":"https:\/\/www.europesays.com\/pt\/wp-json\/wp\/v2\/media\/157433"}],"wp:attachment":[{"href":"https:\/\/www.europesays.com\/pt\/wp-json\/wp\/v2\/media?parent=157432"}],"wp:term":[{"taxonomy":"category","embeddable":true,"href":"https:\/\/www.europesays.com\/pt\/wp-json\/wp\/v2\/categories?post=157432"},{"taxonomy":"post_tag","embeddable":true,"href":"https:\/\/www.europesays.com\/pt\/wp-json\/wp\/v2\/tags?post=157432"}],"curies":[{"name":"wp","href":"https:\/\/api.w.org\/{rel}","templated":true}]}}