{"id":157438,"date":"2025-11-19T09:32:13","date_gmt":"2025-11-19T09:32:13","guid":{"rendered":"https:\/\/www.europesays.com\/pt\/157438\/"},"modified":"2025-11-19T09:32:13","modified_gmt":"2025-11-19T09:32:13","slug":"tudo-que-voce-precisa-saber-antes-de-ver-o-filme-que-estreia-esta-quarta-19-nos-cinemas","status":"publish","type":"post","link":"https:\/\/www.europesays.com\/pt\/157438\/","title":{"rendered":"tudo que voc\u00ea precisa saber antes de ver o filme, que estreia esta quarta (19) nos cinemas"},"content":{"rendered":"\n<p class=\" content-text__container theme-color-primary-first-letter\" data-track-category=\"Link no Texto\" data-track-links=\"\"> O segundo cap\u00edtulo da adapta\u00e7\u00e3o cinematogr\u00e1fica de &#8220;Wicked&#8221; chega aos cinemas nesta quarta-feira (19), retomando a hist\u00f3ria do filme anterior exatamente onde parou. Inspirado no musical da Broadway e prel\u00fadio de \u201cO M\u00e1gico de Oz\u201d, o longa estrelado por Cynthia Erivo e Ariana Grande continua a acompanhar a amizade entre Elphaba e Glinda ap\u00f3s os eventos do primeiro filme, quando Elphaba foge das tropas do M\u00e1gico de Oz (Jeff Goldblum) e inicia sua jornada como a futura Bruxa M\u00e1 do Oeste. <\/p>\n<ul class=\"content-unordered-list\">\n<li><strong>&#8216;Harry Potter e o c\u00e1lice de fogo&#8217;:<\/strong><a class=\"\" href=\"https:\/\/oglobo.globo.com\/rioshow\/cinema\/quiz\/2025\/11\/harry-potter-e-o-calice-de-fogo-completa-20-anos-e-volta-aos-cinemas-teste-sua-memoria-da-saga-com-o-quiz.ghtml\" rel=\"nofollow noopener\" target=\"_blank\"> 20 anos ap\u00f3s lan\u00e7amento, teste sua mem\u00f3ria com o quiz<\/a><\/li>\n<li><strong>Leia a cr\u00edtica: <\/strong><a class=\"\" href=\"https:\/\/oglobo.globo.com\/rioshow\/cinema\/guia\/eddington-joaquin-phoenix-e-pedro-pascal-e-faroeste-com-celular-no-lugar-de-armas.ghtml\" rel=\"nofollow noopener\" target=\"_blank\">&#8216;Eddington&#8217;, com Joaquin Phoenix e Pedro Pascal, \u00e9 &#8216;faroeste com celular no lugar de armas&#8217;<\/a><\/li>\n<\/ul>\n<p class=\" content-text__container \" data-track-category=\"Link no Texto\" data-track-links=\"\"> A primeira parte do musical dirigido por Jon M. Chu virou fen\u00f4meno global em 2024, sendo indicado a dez Oscars e vencendo nas categorias figurino e dire\u00e7\u00e3o de arte. <\/p>\n<p class=\" content-text__container \" data-track-category=\"Link no Texto\" data-track-links=\"\"> O segundo filme \u00e9 uma adapta\u00e7\u00e3o do Ato 2 do musical da Broadway. Na nova trama, Elphaba vive exilada, escondida nas florestas de Oz, e segue lutando pela liberdade dos animais escravizados pelo M\u00e1gico, um farsante que ela sonha em desmascarar. Em paralelo, Glinda vive no pal\u00e1cio da Cidade das Esmeraldas, aclamada pela popula\u00e7\u00e3o como a Bruxa Boa, e sendo guiada por Madame Morrible (Michelle Yeoh). <\/p>\n<p class=\" content-text__container \" data-track-category=\"Link no Texto\" data-track-links=\"\"> Confira, abaixo, algumas curiosidades que voc\u00ea precisa saber antes de assistir a &#8216;Wicked 2&#8217;: <\/p>\n<p>      <img decoding=\"async\" class=\"content-media__image\"  src=\"https:\/\/www.europesays.com\/pt\/wp-content\/uploads\/2025\/11\/2552-d085-00216r.jpg\" alt=\"Ariana Grande e Cynthia Erivo em &quot;Wicked: Parte 2&quot; \u2014 Foto: Divulga\u00e7\u00e3o \/ Universal Pictures\" width=\"5000\" height=\"3333\" loading=\"lazy\"\/>  Ariana Grande e Cynthia Erivo em &#8220;Wicked: Parte 2&#8221; \u2014 Foto: Divulga\u00e7\u00e3o \/ Universal Pictures        <\/p>\n<p class=\" content-text__container \" data-track-category=\"Link no Texto\" data-track-links=\"\"> <strong>1. As can\u00e7\u00f5es mais famosas do musical retornam<\/strong> <\/p>\n<p class=\" content-text__container \" data-track-category=\"Link no Texto\" data-track-links=\"\"> Desde a primeira apresenta\u00e7\u00e3o do espet\u00e1culo na Broadway, algumas m\u00fasicas se destacaram no repert\u00f3rio de &#8220;Wicked&#8221;. A primeira parte trouxe sucessos como &#8220;Popular&#8221; e &#8220;Defying gravity&#8221;, mas deixou de fora alguns dos principais hits do musical, que voltam na segunda parte. \u00c9 o caso de &#8220;For good&#8221;, que serve como t\u00edtulo para a vers\u00e3o americana do filme, e &#8220;No good deed&#8221;. Al\u00e9m disso, o longa tamb\u00e9m traz m\u00fasicas novas, compostas especialmente para o filme. <\/p>\n<p class=\" content-text__container \" data-track-category=\"Link no Texto\" data-track-links=\"\"> <strong>2. Por que &#8216;Wicked&#8217; virou dois filmes?<\/strong> <\/p>\n<p class=\" content-text__container \" data-track-category=\"Link no Texto\" data-track-links=\"\"> Para o diretor Jon M. Chu, dividir em dois filmes era a melhor forma de contar a hist\u00f3ria com fidelidade. Segundo ele, como o musical tem quase tr\u00eas horas, condensar tudo em um \u00fanico longa seria imposs\u00edvel. Al\u00e9m disso, a divis\u00e3o tamb\u00e9m permite aprofundar a ruptura entre Elphaba e Glinda e mostrar como o mundo pesa sobre cada uma delas. Por isso, o diretor decidiu manter a estrutura de dois atos do espet\u00e1culo e transform\u00e1-la em dois filmes completos. <\/p>\n<p class=\" content-text__container \" data-track-category=\"Link no Texto\" data-track-links=\"\"> <strong>3. O universo de Oz se amplia<\/strong> <\/p>\n<p class=\" content-text__container \" data-track-category=\"Link no Texto\" data-track-links=\"\"> Enquanto o primeiro filme se concentrou apenas na Cidade das Esmeraldas e na Universidade Shiz, a segunda parte promete expandir o universo Oz, com novas regi\u00f5es, grupos e criaturas, mostrando a dimens\u00e3o completa do panorama social e pol\u00edtico do reino. <\/p>\n<p class=\" content-text__container \" data-track-category=\"Link no Texto\" data-track-links=\"\"> <strong>4. Personagens cl\u00e1ssicos ganham espa\u00e7o<\/strong> <\/p>\n<p class=\" content-text__container \" data-track-category=\"Link no Texto\" data-track-links=\"\"> Na parte 2, personagens cl\u00e1ssicos de &#8220;O m\u00e1gico de Oz&#8221; (1939), como o Espantalho, o Homem de Lata e o Le\u00e3o Covarde ter\u00e3o um papel mais importante na hist\u00f3ria. Enquanto isso, o mundo de Oz se prepara para a futura chegada de Dorothy, personagem vivida por Judy Garland no longa original. <\/p>\n<p>      <img decoding=\"async\" class=\"content-media__image\"  src=\"https:\/\/www.europesays.com\/pt\/wp-content\/uploads\/2025\/11\/wizard-of-oz-caps-the-wizard-of-oz-2028967-720-536.jpg\" alt=\"&quot;O M\u00e1gico de Oz&quot; (1939) \u2014 Foto: Reprodu\u00e7\u00e3o\" width=\"720\" height=\"536\" loading=\"lazy\"\/>  &#8220;O M\u00e1gico de Oz&#8221; (1939) \u2014 Foto: Reprodu\u00e7\u00e3o        <\/p>\n<p class=\" content-text__container \" data-track-category=\"Link no Texto\" data-track-links=\"\"> <strong>5. O primeiro filme deixou tudo em aberto<\/strong> <\/p>\n<p class=\" content-text__container \" data-track-category=\"Link no Texto\" data-track-links=\"\"> A trama inicial terminou com Oz politicamente abalado e a rela\u00e7\u00e3o entre Elphaba e Glinda transformada. A continua\u00e7\u00e3o retoma esse clima de incerteza logo de onde a hist\u00f3ria parou. <\/p>\n<p class=\" content-text__container \" data-track-category=\"Link no Texto\" data-track-links=\"\"> <strong>6. A vers\u00e3o de Oz sobre Elphaba n\u00e3o \u00e9 a verdade<\/strong> <\/p>\n<p class=\" content-text__container \" data-track-category=\"Link no Texto\" data-track-links=\"\"> O primeiro longa mostrou que a fama de \u201cBruxa M\u00e1\u201d foi constru\u00edda pelo regime do M\u00e1gico. Elphaba sempre agiu movida por justi\u00e7a e pela defesa dos animais, algo que continua no novo cap\u00edtulo, mesmo enquanto se torna alvo da propaganda oficial <\/p>\n<p class=\" content-text__container \" data-track-category=\"Link no Texto\" data-track-links=\"\"> <strong>7. Glinda assume o palco principal<\/strong> <\/p>\n<p class=\" content-text__container \" data-track-category=\"Link no Texto\" data-track-links=\"\"> Antes vista como uma estudante popular, ela agora representa estabilidade na Cidade das Esmeraldas. Mesmo elogiada pelo povo, enfrenta press\u00f5es e d\u00favidas sobre o sistema que a cerca. <\/p>\n","protected":false},"excerpt":{"rendered":"O segundo cap\u00edtulo da adapta\u00e7\u00e3o cinematogr\u00e1fica de &#8220;Wicked&#8221; chega aos cinemas nesta quarta-feira (19), retomando a hist\u00f3ria do&hellip;\n","protected":false},"author":2,"featured_media":157439,"comment_status":"","ping_status":"","sticky":false,"template":"","format":"standard","meta":{"footnotes":""},"categories":[140],"tags":[114,115,147,148,146,32,33],"class_list":{"0":"post-157438","1":"post","2":"type-post","3":"status-publish","4":"format-standard","5":"has-post-thumbnail","7":"category-filmes","8":"tag-entertainment","9":"tag-entretenimento","10":"tag-film","11":"tag-filmes","12":"tag-movies","13":"tag-portugal","14":"tag-pt"},"share_on_mastodon":{"url":"https:\/\/pubeurope.com\/@pt\/115575675046613236","error":""},"_links":{"self":[{"href":"https:\/\/www.europesays.com\/pt\/wp-json\/wp\/v2\/posts\/157438","targetHints":{"allow":["GET"]}}],"collection":[{"href":"https:\/\/www.europesays.com\/pt\/wp-json\/wp\/v2\/posts"}],"about":[{"href":"https:\/\/www.europesays.com\/pt\/wp-json\/wp\/v2\/types\/post"}],"author":[{"embeddable":true,"href":"https:\/\/www.europesays.com\/pt\/wp-json\/wp\/v2\/users\/2"}],"replies":[{"embeddable":true,"href":"https:\/\/www.europesays.com\/pt\/wp-json\/wp\/v2\/comments?post=157438"}],"version-history":[{"count":0,"href":"https:\/\/www.europesays.com\/pt\/wp-json\/wp\/v2\/posts\/157438\/revisions"}],"wp:featuredmedia":[{"embeddable":true,"href":"https:\/\/www.europesays.com\/pt\/wp-json\/wp\/v2\/media\/157439"}],"wp:attachment":[{"href":"https:\/\/www.europesays.com\/pt\/wp-json\/wp\/v2\/media?parent=157438"}],"wp:term":[{"taxonomy":"category","embeddable":true,"href":"https:\/\/www.europesays.com\/pt\/wp-json\/wp\/v2\/categories?post=157438"},{"taxonomy":"post_tag","embeddable":true,"href":"https:\/\/www.europesays.com\/pt\/wp-json\/wp\/v2\/tags?post=157438"}],"curies":[{"name":"wp","href":"https:\/\/api.w.org\/{rel}","templated":true}]}}