{"id":157462,"date":"2025-11-19T10:08:37","date_gmt":"2025-11-19T10:08:37","guid":{"rendered":"https:\/\/www.europesays.com\/pt\/157462\/"},"modified":"2025-11-19T10:08:37","modified_gmt":"2025-11-19T10:08:37","slug":"frio-a-apertar-oito-dicas-para-poupar-energia-com-o-ar-condicionado","status":"publish","type":"post","link":"https:\/\/www.europesays.com\/pt\/157462\/","title":{"rendered":"Frio a apertar? Oito dicas para poupar energia com o ar condicionado"},"content":{"rendered":"<p>Depois da tempestade, o frio. O mau tempo que se fez sentir em Portugal nos \u00faltimos dias <a href=\"https:\/\/www.noticiasaominuto.com\/pais\/2889652\/depois-da-tempestade-frio-polar-minimas-podem-chegar-a-4c-e-chuva\" target=\"_blank\" rel=\"noopener nofollow\">vai dar agora lugar \u00e0s temperaturas baixas<\/a> e, por isso, \u00e9 de esperar que quem tem ar condicionado recorra mais a ele para tornar a casa mais confort\u00e1vel. Por\u00e9m, \u00e9 preciso ter aten\u00e7\u00e3o para n\u00e3o fazer disparar a fatura energ\u00e9tica.<\/p>\n<p>&#8220;Reduzir o custo energ\u00e9tico do ar condicionado exige algum planeamento ainda antes de colocar o aparelho a funcionar. Em primeiro lugar, certifique-se de que escolhe a op\u00e7\u00e3o mais eficiente para a sua casa. Pe\u00e7a apoio profissional para garantir que o equipamento \u00e9 o mais adequado para a divis\u00e3o onde o pretende instalar&#8221;, recomenda a DECO PROteste, que deixa ainda as seguintes oito dicas:\u00a0<\/p>\n<p>1. Melhore o isolamento da sua casa<\/p>\n<p>&#8220;Certifique-se de que a sua casa tem um bom isolamento t\u00e9rmico, especialmente em portas e janelas, para reduzir a carga de trabalho do ar condicionado.&#8221;<\/p>\n<p>2. Instale a unidade externa em local adequado<\/p>\n<p>&#8220;Coloque a unidade externa numa \u00e1rea sombreada e ventilada, evitando que o aparelho trabalhe de forma mais intensa devido ao calor excessivo.&#8221;<\/p>\n<p>3. N\u00e3o se esque\u00e7a da manuten\u00e7\u00e3o<\/p>\n<p>&#8220;Assegure-se de que faz manuten\u00e7\u00f5es regulares ao equipamento. Os filtros devem estar sempre limpos para que o ar condicionado funcione da forma mais eficiente poss\u00edvel. Aconselham-se pelo menos duas limpezas por ano antes de come\u00e7ar a usar os aparelhos, geralmente na primavera e no outono.&#8221;<\/p>\n<p>4. Ar condicionado inteligente<\/p>\n<p>&#8220;Invista num aparelho de ar condicionado inteligente que possa ser ligado e desligado remotamente.&#8221;<\/p>\n<p>5. Ligue cedo o ar condicionado, em dias de calor<\/p>\n<p>&#8220;Em dias de muito calor, ligue o ar condicionado cedo em vez de esperar at\u00e9 que a casa fique muito quente. Caso contr\u00e1rio, o ar condicionado ter\u00e1 de trabalhar mais para atingir a temperatura desejada.&#8221;<\/p>\n<p>6. N\u00e3o o ligue se n\u00e3o estiver na divis\u00e3o <\/p>\n<p>&#8220;Se tiver um aparelho de ar condicionado centralizado ou de condutas, opte por climatizar apenas as divis\u00f5es em que estejam pessoas e mantenha as portas fechadas para que o ar circule apenas nas \u00e1reas em uso.&#8221;<\/p>\n<p>7. Casa fresca e sombreada<\/p>\n<p>&#8220;Mantenha a casa fresca e sombreada no ver\u00e3o, fechando janelas, estores ou portadas nas horas de maior calor. No inverno, abra bem os estores e cortinas e facilite a entrada de sol. Assim, o seu aparelho de ar condicionado n\u00e3o precisa de trabalhar em esfor\u00e7o e durante tanto tempo para atingir a temperatura desejada.&#8221;<\/p>\n<p>8. Aten\u00e7\u00e3o \u00e0 humidade<\/p>\n<p>&#8220;Use a fun\u00e7\u00e3o de desumidifica\u00e7\u00e3o. Por vezes, o problema n\u00e3o \u00e9 a temperatura interior, mas sim os n\u00edveis de humidade. Ligando o ar condicionado no modo desumidifica\u00e7\u00e3o, o ar ficar\u00e1 mais saud\u00e1vel, e o consumo de energia ser\u00e1 menor, conseguindo que as condi\u00e7\u00f5es interiores fiquem mais confort\u00e1veis.&#8221;<\/p>\n<p>Como calcular o custo energ\u00e9tico de um ar condicionado?<\/p>\n<p>De acordo com a organiza\u00e7\u00e3o de defesa do consumidor, &#8220;a capacidade de um aparelho de ar condicionado para aquecer e arrefecer \u00e9, regra geral, expressa em quilowatts (kW)&#8221;, sendo que &#8220;esta capacidade pode tamb\u00e9m ser representada em BTU\/h (british thermal units por hora)&#8221;.<\/p>\n<p>&#8220;Para converter este valor para kW, basta multiplic\u00e1-lo por 0,293 e depois dividir por 1000.\u00a0Para calcular o custo de funcionamento de um ar condicionado, \u00e9 importante entender as m\u00e9tricas principais: a pot\u00eancia de entrada, o tempo de uso e o custo do kWh&#8221;, refere.<\/p>\n<p>F\u00f3rmula simples para calcular o consumo de energia<\/p>\n<ul>&#13;<\/p>\n<li>Pot\u00eancia de entrada em watts (W) \u00d7 horas de uso por dia = consumo em watt-horas (Wh).<\/li>\n<p>&#13;<\/p>\n<li>As contas de eletricidade expressam o seu consumo em quilowatts-hora (kWh). Divida o resultado por 1000 para converter de watt-horas para quilowatt-horas (kWh).<\/li>\n<p>&#13;\n                                                    <\/ul>\n<p>Exemplo:<\/p>\n<ul>&#13;<\/p>\n<li>Se um ar condicionado consome 1000W (1 kW) e \u00e9 usado por 5 horas\/dia: 1 kW \u00d7 5h = 5 kWh\/dia.<\/li>\n<p>&#13;<\/p>\n<li>Assumindo um custo m\u00e9dio de 0,20 euros\/kWh, o custo di\u00e1rio seria: 5 kWh \u00d7 0,20 \u20ac = 1 euro por dia.<\/li>\n<p>&#13;\n                                                    <\/ul>\n<p>Leia Tamb\u00e9m: <a href=\"https:\/\/www.noticiasaominuto.com\/pais\/2889652\/depois-da-tempestade-frio-polar-minimas-podem-chegar-a-4c-e-chuva\" target=\"_blank\" rel=\"noopener noreferrer nofollow\">Depois da tempestade, frio polar. M\u00ednimas podem chegar a -4\u00b0C (e chuva?)<\/a><\/p>\n","protected":false},"excerpt":{"rendered":"Depois da tempestade, o frio. O mau tempo que se fez sentir em Portugal nos \u00faltimos dias vai&hellip;\n","protected":false},"author":2,"featured_media":157463,"comment_status":"","ping_status":"","sticky":false,"template":"","format":"standard","meta":{"footnotes":""},"categories":[83],"tags":[88,89,90,32,33],"class_list":{"0":"post-157462","1":"post","2":"type-post","3":"status-publish","4":"format-standard","5":"has-post-thumbnail","7":"category-empresas","8":"tag-business","9":"tag-economy","10":"tag-empresas","11":"tag-portugal","12":"tag-pt"},"share_on_mastodon":{"url":"https:\/\/pubeurope.com\/@pt\/115575816417499828","error":""},"_links":{"self":[{"href":"https:\/\/www.europesays.com\/pt\/wp-json\/wp\/v2\/posts\/157462","targetHints":{"allow":["GET"]}}],"collection":[{"href":"https:\/\/www.europesays.com\/pt\/wp-json\/wp\/v2\/posts"}],"about":[{"href":"https:\/\/www.europesays.com\/pt\/wp-json\/wp\/v2\/types\/post"}],"author":[{"embeddable":true,"href":"https:\/\/www.europesays.com\/pt\/wp-json\/wp\/v2\/users\/2"}],"replies":[{"embeddable":true,"href":"https:\/\/www.europesays.com\/pt\/wp-json\/wp\/v2\/comments?post=157462"}],"version-history":[{"count":0,"href":"https:\/\/www.europesays.com\/pt\/wp-json\/wp\/v2\/posts\/157462\/revisions"}],"wp:featuredmedia":[{"embeddable":true,"href":"https:\/\/www.europesays.com\/pt\/wp-json\/wp\/v2\/media\/157463"}],"wp:attachment":[{"href":"https:\/\/www.europesays.com\/pt\/wp-json\/wp\/v2\/media?parent=157462"}],"wp:term":[{"taxonomy":"category","embeddable":true,"href":"https:\/\/www.europesays.com\/pt\/wp-json\/wp\/v2\/categories?post=157462"},{"taxonomy":"post_tag","embeddable":true,"href":"https:\/\/www.europesays.com\/pt\/wp-json\/wp\/v2\/tags?post=157462"}],"curies":[{"name":"wp","href":"https:\/\/api.w.org\/{rel}","templated":true}]}}