{"id":157470,"date":"2025-11-19T10:19:08","date_gmt":"2025-11-19T10:19:08","guid":{"rendered":"https:\/\/www.europesays.com\/pt\/157470\/"},"modified":"2025-11-19T10:19:08","modified_gmt":"2025-11-19T10:19:08","slug":"doenca-pulmonar-obstrutiva-cronica-o-orcamento-que-nos-tira-o-folego","status":"publish","type":"post","link":"https:\/\/www.europesays.com\/pt\/157470\/","title":{"rendered":"Doen\u00e7a Pulmonar Obstrutiva Cr\u00f3nica: o or\u00e7amento que nos tira o f\u00f4lego"},"content":{"rendered":"<p style=\"text-align:justify; margin-bottom:11px\">Viver com Doen\u00e7a Pulmonar Obstrutiva Cr\u00f3nica (DPOC) \u00e9 uma luta silenciosa, travada a cada inspira\u00e7\u00e3o. \u00c9 a ang\u00fastia de sentir o ar faltar em tarefas t\u00e3o simples como vestir uma camisa ou abra\u00e7ar um neto. Para quase 800.000 portugueses, esta n\u00e3o \u00e9 uma met\u00e1fora; \u00e9 a realidade di\u00e1ria de uma doen\u00e7a que rouba a autonomia e isola. Mas esta luta, j\u00e1 por si t\u00e3o dura, torna-se ainda mais revoltante quando confrontada com o sil\u00eancio no Or\u00e7amento do Estado.<\/p>\n<p>Em 2024, a DPOC foi respons\u00e1vel por mais de 10.000 internamentos hospitalares, muitos deles em ventila\u00e7\u00e3o, representando uma fatia esmagadora e crescente dos internamentos por doen\u00e7as respirat\u00f3rias. Cada um destes n\u00fameros representa uma fam\u00edlia em crise, uma vida suspensa e um custo enorme para um Servi\u00e7o Nacional de Sa\u00fade (SNS) sobrecarregado. \u00c9 uma crise de Sa\u00fade P\u00fablica previs\u00edvel e, em grande parte, evit\u00e1vel.<\/p>\n<p>No entanto, ao analisar a proposta de Or\u00e7amento do Estado para 2026, sentimos inevitavelmente uma profunda falta de ar. Vemos um documento que, embora reforce \u00e1reas essenciais, deixa as doen\u00e7as respirat\u00f3rias numa perigosa zona cinzenta. Temos um Plano Nacional para as Doen\u00e7as Respirat\u00f3rias (PNDR), mas sem metas claras e, acima de tudo, sem o oxig\u00e9nio financeiro para ser implementado. A aus\u00eancia de uma estrat\u00e9gia or\u00e7amental expl\u00edcita para a DPOC n\u00e3o \u00e9 uma mera omiss\u00e3o t\u00e9cnica; \u00e9 uma decis\u00e3o pol\u00edtica que condena milhares de pessoas a diagn\u00f3sticos tardios e a cuidados insuficientes.<\/p>\n<p>Investir no diagn\u00f3stico precoce da DPOC, atrav\u00e9s da generaliza\u00e7\u00e3o de espirometrias nos Cuidados de Sa\u00fade Prim\u00e1rios, e no acesso universal \u00e0 reabilita\u00e7\u00e3o respirat\u00f3ria n\u00e3o \u00e9 uma despesa. \u00c9 o investimento mais inteligente que podemos fazer, uma vez que reduz hospitaliza\u00e7\u00f5es, diminui a necessidade de tratamentos complexos e caros e, o mais importante, devolve qualidade de vida a quem a doen\u00e7a a roubou.<\/p>\n<p>Neste Dia Mundial da DPOC, a nossa mensagem transcende a sensibiliza\u00e7\u00e3o. \u00c9 uma convocat\u00f3ria para a a\u00e7\u00e3o conjunta. Em nome dos doentes que represento, convidamos o Governo e o Parlamento a sentarem-se \u00e0 mesa connosco, n\u00e3o para ouvir lamentos, mas para desenhar um plano de a\u00e7\u00e3o concreto, com financiamento adequado, que transforme o PNDR numa realidade palp\u00e1vel. Apelamos ao sentido de responsabilidade dos nossos decisores para que o Or\u00e7amento do Estado seja um instrumento de esperan\u00e7a, e n\u00e3o de resigna\u00e7\u00e3o. A DPOC n\u00e3o pode esperar: precisamos de conseguir Mais Ar Para Viver.<\/p>\n","protected":false},"excerpt":{"rendered":"Viver com Doen\u00e7a Pulmonar Obstrutiva Cr\u00f3nica (DPOC) \u00e9 uma luta silenciosa, travada a cada inspira\u00e7\u00e3o. \u00c9 a ang\u00fastia&hellip;\n","protected":false},"author":2,"featured_media":157471,"comment_status":"","ping_status":"","sticky":false,"template":"","format":"standard","meta":{"footnotes":""},"categories":[86],"tags":[609,836,611,27,607,608,333,832,604,135,610,5835,13870,476,301,830,116,603,570,831,833,62,834,13,25282,835,8497,602,52,32,33,117,29],"class_list":{"0":"post-157470","1":"post","2":"type-post","3":"status-publish","4":"format-standard","5":"has-post-thumbnail","7":"category-saude","8":"tag-alerta","9":"tag-analise","10":"tag-ao-minuto","11":"tag-breaking-news","12":"tag-cnn","13":"tag-cnn-portugal","14":"tag-comentadores","15":"tag-costa","16":"tag-crime","17":"tag-desporto","18":"tag-direto","19":"tag-doenca-pulmonar","20":"tag-dpoc","21":"tag-economia","22":"tag-governo","23":"tag-guerra","24":"tag-health","25":"tag-justica","26":"tag-live","27":"tag-mais-vistas","28":"tag-marcelo","29":"tag-mundo","30":"tag-negocios","31":"tag-noticias","32":"tag-oe-2026","33":"tag-opiniao","34":"tag-orcamento-do-estado","35":"tag-pais","36":"tag-politica","37":"tag-portugal","38":"tag-pt","39":"tag-saude","40":"tag-ultimas"},"share_on_mastodon":{"url":"https:\/\/pubeurope.com\/@pt\/115575859827396873","error":""},"_links":{"self":[{"href":"https:\/\/www.europesays.com\/pt\/wp-json\/wp\/v2\/posts\/157470","targetHints":{"allow":["GET"]}}],"collection":[{"href":"https:\/\/www.europesays.com\/pt\/wp-json\/wp\/v2\/posts"}],"about":[{"href":"https:\/\/www.europesays.com\/pt\/wp-json\/wp\/v2\/types\/post"}],"author":[{"embeddable":true,"href":"https:\/\/www.europesays.com\/pt\/wp-json\/wp\/v2\/users\/2"}],"replies":[{"embeddable":true,"href":"https:\/\/www.europesays.com\/pt\/wp-json\/wp\/v2\/comments?post=157470"}],"version-history":[{"count":0,"href":"https:\/\/www.europesays.com\/pt\/wp-json\/wp\/v2\/posts\/157470\/revisions"}],"wp:featuredmedia":[{"embeddable":true,"href":"https:\/\/www.europesays.com\/pt\/wp-json\/wp\/v2\/media\/157471"}],"wp:attachment":[{"href":"https:\/\/www.europesays.com\/pt\/wp-json\/wp\/v2\/media?parent=157470"}],"wp:term":[{"taxonomy":"category","embeddable":true,"href":"https:\/\/www.europesays.com\/pt\/wp-json\/wp\/v2\/categories?post=157470"},{"taxonomy":"post_tag","embeddable":true,"href":"https:\/\/www.europesays.com\/pt\/wp-json\/wp\/v2\/tags?post=157470"}],"curies":[{"name":"wp","href":"https:\/\/api.w.org\/{rel}","templated":true}]}}