{"id":157498,"date":"2025-11-19T10:55:09","date_gmt":"2025-11-19T10:55:09","guid":{"rendered":"https:\/\/www.europesays.com\/pt\/157498\/"},"modified":"2025-11-19T10:55:09","modified_gmt":"2025-11-19T10:55:09","slug":"corrupcao-funcionarias-do-ministerio-da-saude-detidas-por-inscreverem-no-sns-milhares-de-imigrantes-ilegais","status":"publish","type":"post","link":"https:\/\/www.europesays.com\/pt\/157498\/","title":{"rendered":"Corrup\u00e7\u00e3o: funcion\u00e1rias do Minist\u00e9rio da Sa\u00fade detidas por inscreverem no SNS milhares de imigrantes ilegais"},"content":{"rendered":"<p>\t                Funcion\u00e1rias respondem por corrup\u00e7\u00e3o, al\u00e9m de aux\u00edlio \u00e0 imigra\u00e7\u00e3o ilegal e falsidade inform\u00e1tica<\/p>\n<p>A Pol\u00edcia Judici\u00e1ria deteve duas funcion\u00e1rias administrativas do Minist\u00e9rio da Sa\u00fade sob suspeita de terem inscrito de forma fraudulenta milhares de imigrantes no Sistema Nacional de Sa\u00fade (SNS), apurou a CNN Portugal.\u00a0<\/p>\n<p>O esquema de corrup\u00e7\u00e3o, com contrapartidas financeiras para as duas funcion\u00e1rias, passava pela atribui\u00e7\u00e3o indevida de n\u00fameros de utentes a milhares de estrangeiros que n\u00e3o est\u00e3o legalizados no nosso pa\u00eds, e que n\u00e3o tinham por isso direito a assist\u00eancia m\u00e9dica no SNS.\u00a0<\/p>\n<p>Respondem por corrup\u00e7\u00e3o, al\u00e9m de aux\u00edlio \u00e0 imigra\u00e7\u00e3o ilegal e falsidade inform\u00e1tica, num processo que corre na PJ do Centro e no qual j\u00e1 foram detidas v\u00e1rias pessoas por esquemas fraudulentos de apoio a redes que lucram com a imigra\u00e7\u00e3o ilegal &#8211; entre as quais uma funcion\u00e1ria consular do Minist\u00e9rio dos Neg\u00f3cios Estrangeiros.<\/p>\n<p>Em comunicado, a PJ esclarece que &#8220;a obten\u00e7\u00e3o do N\u00famero Nacional de Utente (NNU) representa a consolida\u00e7\u00e3o do processo de legaliza\u00e7\u00e3o em territ\u00f3rio nacional e a garantia de assist\u00eancia m\u00e9dica atrav\u00e9s do SNS&#8221;.<\/p>\n<p>&#8220;Nesta fase da opera\u00e7\u00e3o, al\u00e9m de duas buscas domicili\u00e1rias foi ainda realizada uma busca \u00e0 Unidade de Sa\u00fade Familiar (USF), onde as duas suspeitas exerciam fun\u00e7\u00f5es, resultando destas dilig\u00eancias a apreens\u00e3o, entre outros, de um enorme acervo de documenta\u00e7\u00e3o utilizada em processos de atribui\u00e7\u00e3o de forma indevida de n\u00fameros de utentes, que inequivocamente correlacionam as detidas, com a pr\u00e1tica, entre outros, dos crimes de corrup\u00e7\u00e3o passiva, associa\u00e7\u00e3o de aux\u00edlio \u00e0 imigra\u00e7\u00e3o ilegal e falsidade inform\u00e1tica&#8221;, adianta a nota.<\/p>\n<p>As mulheres, de 40 e 54 anos, c\u00e3o ser presentes no Tribunal Central de Instru\u00e7\u00e3o Criminal (TCIC), tendo em vista a aplica\u00e7\u00e3o de medidas de coa\u00e7\u00e3o.<\/p>\n<p>No \u00e2mbito da Opera\u00e7\u00e3o \u201cGamb\u00e9rria\u201d, j\u00e1 foram detidas 16 pessoas e constitu\u00eddas arguidas outras 26, entre as quais sete empres\u00e1rios, uma advogada e uma funcion\u00e1ria da Dire\u00e7\u00e3o-Geral dos Assuntos Consulares e das Comunidades Portuguesas do Minist\u00e9rio dos Neg\u00f3cios Estrangeiros.<\/p>\n","protected":false},"excerpt":{"rendered":"Funcion\u00e1rias respondem por corrup\u00e7\u00e3o, al\u00e9m de aux\u00edlio \u00e0 imigra\u00e7\u00e3o ilegal e falsidade inform\u00e1tica A Pol\u00edcia Judici\u00e1ria deteve duas&hellip;\n","protected":false},"author":2,"featured_media":157499,"comment_status":"","ping_status":"","sticky":false,"template":"","format":"standard","meta":{"footnotes":""},"categories":[10],"tags":[609,836,611,33765,27,28,607,608,333,4469,832,604,135,610,476,33766,15,16,33767,301,830,14,603,25,26,570,21,22,831,833,1703,62,834,12,13,19,20,835,602,52,32,23,24,33,2649,17,18,29,30,31],"class_list":{"0":"post-157498","1":"post","2":"type-post","3":"status-publish","4":"format-standard","5":"has-post-thumbnail","7":"category-portugal","8":"tag-alerta","9":"tag-analise","10":"tag-ao-minuto","11":"tag-auxilio-a-imigracao-ilegal","12":"tag-breaking-news","13":"tag-breakingnews","14":"tag-cnn","15":"tag-cnn-portugal","16":"tag-comentadores","17":"tag-corrupcao","18":"tag-costa","19":"tag-crime","20":"tag-desporto","21":"tag-direto","22":"tag-economia","23":"tag-falsidade-informatica","24":"tag-featured-news","25":"tag-featurednews","26":"tag-funcionarias","27":"tag-governo","28":"tag-guerra","29":"tag-headlines","30":"tag-justica","31":"tag-latest-news","32":"tag-latestnews","33":"tag-live","34":"tag-main-news","35":"tag-mainnews","36":"tag-mais-vistas","37":"tag-marcelo","38":"tag-ministerio-da-saude","39":"tag-mundo","40":"tag-negocios","41":"tag-news","42":"tag-noticias","43":"tag-noticias-principais","44":"tag-noticiasprincipais","45":"tag-opiniao","46":"tag-pais","47":"tag-politica","48":"tag-portugal","49":"tag-principais-noticias","50":"tag-principaisnoticias","51":"tag-pt","52":"tag-sns","53":"tag-top-stories","54":"tag-topstories","55":"tag-ultimas","56":"tag-ultimas-noticias","57":"tag-ultimasnoticias"},"share_on_mastodon":{"url":"","error":"Validation failed: Text character limit of 500 exceeded"},"_links":{"self":[{"href":"https:\/\/www.europesays.com\/pt\/wp-json\/wp\/v2\/posts\/157498","targetHints":{"allow":["GET"]}}],"collection":[{"href":"https:\/\/www.europesays.com\/pt\/wp-json\/wp\/v2\/posts"}],"about":[{"href":"https:\/\/www.europesays.com\/pt\/wp-json\/wp\/v2\/types\/post"}],"author":[{"embeddable":true,"href":"https:\/\/www.europesays.com\/pt\/wp-json\/wp\/v2\/users\/2"}],"replies":[{"embeddable":true,"href":"https:\/\/www.europesays.com\/pt\/wp-json\/wp\/v2\/comments?post=157498"}],"version-history":[{"count":0,"href":"https:\/\/www.europesays.com\/pt\/wp-json\/wp\/v2\/posts\/157498\/revisions"}],"wp:featuredmedia":[{"embeddable":true,"href":"https:\/\/www.europesays.com\/pt\/wp-json\/wp\/v2\/media\/157499"}],"wp:attachment":[{"href":"https:\/\/www.europesays.com\/pt\/wp-json\/wp\/v2\/media?parent=157498"}],"wp:term":[{"taxonomy":"category","embeddable":true,"href":"https:\/\/www.europesays.com\/pt\/wp-json\/wp\/v2\/categories?post=157498"},{"taxonomy":"post_tag","embeddable":true,"href":"https:\/\/www.europesays.com\/pt\/wp-json\/wp\/v2\/tags?post=157498"}],"curies":[{"name":"wp","href":"https:\/\/api.w.org\/{rel}","templated":true}]}}