{"id":157502,"date":"2025-11-19T11:01:10","date_gmt":"2025-11-19T11:01:10","guid":{"rendered":"https:\/\/www.europesays.com\/pt\/157502\/"},"modified":"2025-11-19T11:01:10","modified_gmt":"2025-11-19T11:01:10","slug":"vem-ai-em-a-protegida-gina-tem-outro-filho-quem-e-o-pai-novelas","status":"publish","type":"post","link":"https:\/\/www.europesays.com\/pt\/157502\/","title":{"rendered":"Vem a\u00ed em \u00abA Protegida\u00bb: Gina tem outro filho. Quem \u00e9 o pai? &#8211; Novelas"},"content":{"rendered":"<p>Em \u00abA Protegida\u00bb, <a href=\"https:\/\/tvi.iol.pt\/novelas\/joao-bettencourt\/catarina-nifo\/vem-ai-a-protegida-goncalo-fica-paralisado-no-chao\" rel=\"nofollow noopener\" target=\"_blank\">Gon\u00e7alo (Jo\u00e3o Bettencourt)<\/a>\u00a0aparece na sala de treino e os mi\u00fados correm na dire\u00e7\u00e3o dele. Inicialmente <a href=\"https:\/\/tvi.iol.pt\/novelas\/videos\/nuno-acusa-gina-de-roubo-de-bebe-apos-telefonema-da-seguranca-social\/68a4a1420cf216cd3ad3a105\" rel=\"nofollow noopener\" target=\"_blank\">Nuno (Tiago Teot\u00f3nio Pereira)<\/a>\u00a0fala de forma cordial, mas percebemos que est\u00e3o mais frios e distantes.<\/p>\n<p>Nuno acaba por enfrentar Gon\u00e7alo e pergunta-lhe o que est\u00e1 a fazer ali. Tens\u00e3o entre os dois.<\/p>\n<p><a href=\"https:\/\/tvi.iol.pt\/novelas\/videos\/a-protegida-gina-deixa-nuno-frustrado-com-revelacao-inesperada\/6839c1f90cf28cf887680b32\" rel=\"nofollow noopener\" target=\"_blank\">Gina (Paula Neves)<\/a>\u00a0chega com Nuninho e <a href=\"https:\/\/tvi.iol.pt\/novelas\/videos\/margarida-e-virgilio-envolvem-se-mas-algo-acontece\/67ec16c40cf20ac1d5f2fa1f\" rel=\"nofollow noopener\" target=\"_blank\">Margarida (In\u00eas Her\u00e9dia)<\/a>\u00a0derrete-se toda com o beb\u00e9. Margarida diz que Gon\u00e7alo est\u00e1 ali e Gina fica em choque.<\/p>\n<p>Gon\u00e7alo aparece e fica hipnotizado a olhar para o beb\u00e9, pois sabe que \u00e9 seu filho. Nuno coloca-se ao lado de Gina e refor\u00e7a que o beb\u00e9 \u00e9 seu filho.<\/p>\n<p>Recorde-se que Gina e Gon\u00e7alo chegaram a envolver-se:<\/p>\n","protected":false},"excerpt":{"rendered":"Em \u00abA Protegida\u00bb, Gon\u00e7alo (Jo\u00e3o Bettencourt)\u00a0aparece na sala de treino e os mi\u00fados correm na dire\u00e7\u00e3o dele. Inicialmente&hellip;\n","protected":false},"author":2,"featured_media":157503,"comment_status":"","ping_status":"","sticky":false,"template":"","format":"standard","meta":{"footnotes":""},"categories":[142],"tags":[168,160,166,114,115,157,167,3120,7991,1407,164,161,7992,158,3119,165,159,32,33,156,163,151,162],"class_list":{"0":"post-157502","1":"post","2":"type-post","3":"status-publish","4":"format-standard","5":"has-post-thumbnail","7":"category-tv","8":"tag-a-protegida","9":"tag-ana-guiomar","10":"tag-cristina-ferreira","11":"tag-entertainment","12":"tag-entretenimento","13":"tag-festa-e-festa","14":"tag-ficcao","15":"tag-gina","16":"tag-goncalo","17":"tag-joao-bettencourt","18":"tag-jose-fidalgo","19":"tag-novelas","20":"tag-nuno","21":"tag-para-sempre","22":"tag-paula-neves","23":"tag-pedro-sousa","24":"tag-pedro-teixeira","25":"tag-portugal","26":"tag-pt","27":"tag-queridos-papas","28":"tag-tiago-teotonio-pereira","29":"tag-tv","30":"tag-tvi"},"share_on_mastodon":{"url":"https:\/\/pubeurope.com\/@pt\/115576024759845351","error":""},"_links":{"self":[{"href":"https:\/\/www.europesays.com\/pt\/wp-json\/wp\/v2\/posts\/157502","targetHints":{"allow":["GET"]}}],"collection":[{"href":"https:\/\/www.europesays.com\/pt\/wp-json\/wp\/v2\/posts"}],"about":[{"href":"https:\/\/www.europesays.com\/pt\/wp-json\/wp\/v2\/types\/post"}],"author":[{"embeddable":true,"href":"https:\/\/www.europesays.com\/pt\/wp-json\/wp\/v2\/users\/2"}],"replies":[{"embeddable":true,"href":"https:\/\/www.europesays.com\/pt\/wp-json\/wp\/v2\/comments?post=157502"}],"version-history":[{"count":0,"href":"https:\/\/www.europesays.com\/pt\/wp-json\/wp\/v2\/posts\/157502\/revisions"}],"wp:featuredmedia":[{"embeddable":true,"href":"https:\/\/www.europesays.com\/pt\/wp-json\/wp\/v2\/media\/157503"}],"wp:attachment":[{"href":"https:\/\/www.europesays.com\/pt\/wp-json\/wp\/v2\/media?parent=157502"}],"wp:term":[{"taxonomy":"category","embeddable":true,"href":"https:\/\/www.europesays.com\/pt\/wp-json\/wp\/v2\/categories?post=157502"},{"taxonomy":"post_tag","embeddable":true,"href":"https:\/\/www.europesays.com\/pt\/wp-json\/wp\/v2\/tags?post=157502"}],"curies":[{"name":"wp","href":"https:\/\/api.w.org\/{rel}","templated":true}]}}