{"id":157514,"date":"2025-11-19T11:18:11","date_gmt":"2025-11-19T11:18:11","guid":{"rendered":"https:\/\/www.europesays.com\/pt\/157514\/"},"modified":"2025-11-19T11:18:11","modified_gmt":"2025-11-19T11:18:11","slug":"video-deniz-gul-marca-a-espanha-mas-turquia-nao-evita-play-off","status":"publish","type":"post","link":"https:\/\/www.europesays.com\/pt\/157514\/","title":{"rendered":"V\u00cdDEO: Deniz G\u00fcl marca \u00e0 Espanha, mas Turquia n\u00e3o evita play-off"},"content":{"rendered":"<p style=\"margin-bottom:11px\">Era preciso uma hecatombe para que a sele\u00e7\u00e3o espanhola n\u00e3o carimbasse o bilhete para o Mundial 2026 esta noite e, apesar do <a href=\"https:\/\/maisfutebol.iol.pt\/jogo\/aominuto\/espanha\/turquia\/13820823\" target=\"_blank\" rel=\"nofollow noopener\"><strong>empate a dois golos em Sevilha, com a Turquia<\/strong><\/a>, a forma\u00e7\u00e3o de Luis de la Fuente assegurou o primeiro lugar do Grupo E.<\/p>\n<p>Com um percurso at\u00e9 aqui imaculado, fruto de cinco vit\u00f3rias noutros tantos jogos e sem qualquer golo sofrido, \u00abLa Roja\u00bb chegou \u00e0 derradeira jornada a precisar apenas de n\u00e3o perder por 15 ou mais golos de diferen\u00e7a para garantir a presen\u00e7a nos EUA.<\/p>\n<p>Dani Olmo abriu o marcador logo aos quatro minutos, mas os turcos empataram ainda antes do intervalo, pelo portista Deniz G\u00fcl. Na estreia a titular pela sele\u00e7\u00e3o, o avan\u00e7ado do FC Porto marcou na sequ\u00eancia de um canto, aos 42 minutos.<\/p>\n<p>A reviravolta chegou no arranque do segundo tempo, com um remate colocado de Salih Ozcan (54m), ap\u00f3s assist\u00eancia do ex-Benfica Orkun K\u00f6kc\u00fc. Por\u00e9m, n\u00e3o durou muito a vantagem dos forasteiros, porque Mikel Oyarzabal empatou aos 62 minutos, instantes antes de Samu entrar em campo \u2013 com a camisola 3.<\/p>\n<p>Contas feitas, Espanha termina o Grupo E na primeira posi\u00e7\u00e3o, com 16 pontos e lugar reservado no Campeonato do Mundo do pr\u00f3ximo ano. A Turquia fica em segundo, com 13, \u00e0 espera de saber quem vai defrontar no play-off.<\/p>\n<p>Por fim, a Bulg\u00e1ria assegurou os primeiros pontos ao vencer na rece\u00e7\u00e3o \u00e0 Ge\u00f3rgia (2-1). As duas sele\u00e7\u00f5es terminam com tr\u00eas pontos e est\u00e3o, naturalmente, fora do Mundial 2026.<\/p>\n","protected":false},"excerpt":{"rendered":"Era preciso uma hecatombe para que a sele\u00e7\u00e3o espanhola n\u00e3o carimbasse o bilhete para o Mundial 2026 esta&hellip;\n","protected":false},"author":2,"featured_media":157515,"comment_status":"","ping_status":"","sticky":false,"template":"","format":"standard","meta":{"footnotes":""},"categories":[87],"tags":[19732,135,640,282,6878,82,5433,46,8356,12632,462,32,33,47,527,8484,5434,5920,7930,134,2428],"class_list":{"0":"post-157514","1":"post","2":"type-post","3":"status-publish","4":"format-standard","5":"has-post-thumbnail","7":"category-desporto","8":"tag-deniz-gul","9":"tag-desporto","10":"tag-espanha","11":"tag-fc-porto","12":"tag-futebol-clube-do-porto","13":"tag-internacional","14":"tag-jogos-hoje","15":"tag-maisfutebol","16":"tag-maisfutebol-resultados","17":"tag-mundial-2026","18":"tag-porto","19":"tag-portugal","20":"tag-pt","21":"tag-pura-paixao","22":"tag-resultados","23":"tag-resultados-de-hoje","24":"tag-resultados-hoje","25":"tag-resultados-maisfutebol","26":"tag-samu","27":"tag-sports","28":"tag-turquia"},"share_on_mastodon":{"url":"https:\/\/pubeurope.com\/@pt\/115576091673886887","error":""},"_links":{"self":[{"href":"https:\/\/www.europesays.com\/pt\/wp-json\/wp\/v2\/posts\/157514","targetHints":{"allow":["GET"]}}],"collection":[{"href":"https:\/\/www.europesays.com\/pt\/wp-json\/wp\/v2\/posts"}],"about":[{"href":"https:\/\/www.europesays.com\/pt\/wp-json\/wp\/v2\/types\/post"}],"author":[{"embeddable":true,"href":"https:\/\/www.europesays.com\/pt\/wp-json\/wp\/v2\/users\/2"}],"replies":[{"embeddable":true,"href":"https:\/\/www.europesays.com\/pt\/wp-json\/wp\/v2\/comments?post=157514"}],"version-history":[{"count":0,"href":"https:\/\/www.europesays.com\/pt\/wp-json\/wp\/v2\/posts\/157514\/revisions"}],"wp:featuredmedia":[{"embeddable":true,"href":"https:\/\/www.europesays.com\/pt\/wp-json\/wp\/v2\/media\/157515"}],"wp:attachment":[{"href":"https:\/\/www.europesays.com\/pt\/wp-json\/wp\/v2\/media?parent=157514"}],"wp:term":[{"taxonomy":"category","embeddable":true,"href":"https:\/\/www.europesays.com\/pt\/wp-json\/wp\/v2\/categories?post=157514"},{"taxonomy":"post_tag","embeddable":true,"href":"https:\/\/www.europesays.com\/pt\/wp-json\/wp\/v2\/tags?post=157514"}],"curies":[{"name":"wp","href":"https:\/\/api.w.org\/{rel}","templated":true}]}}