{"id":157518,"date":"2025-11-19T11:24:11","date_gmt":"2025-11-19T11:24:11","guid":{"rendered":"https:\/\/www.europesays.com\/pt\/157518\/"},"modified":"2025-11-19T11:24:11","modified_gmt":"2025-11-19T11:24:11","slug":"cinco-detidos-em-operacao-da-psp-de-prevencao-criminal-em-lisboa-lisboa","status":"publish","type":"post","link":"https:\/\/www.europesays.com\/pt\/157518\/","title":{"rendered":"Cinco detidos em opera\u00e7\u00e3o da PSP de preven\u00e7\u00e3o criminal em Lisboa | Lisboa"},"content":{"rendered":"<p>O Comando Metropolitano de Lisboa da PSP est\u00e1 a realizar, nesta quarta-feira, 19 de Novembro, uma opera\u00e7\u00e3o de preven\u00e7\u00e3o criminal e est\u00e3o a ser feitas buscas na zona da Alta de Lisboa e na Ameixoeira, informou aquela for\u00e7a de seguran\u00e7a. J\u00e1 foram detidas cinco pessoas.<\/p>\n<p>De acordo com o comiss\u00e1rio da PSP Tiago Costa, os detidos, s\u00e3o cinco homens com idades entre os 20 e os 40 anos, alguns com antecedentes criminais e que j\u00e1 estavam na mira da pol\u00edcia.<\/p>\n<p>No \u00e2mbito da opera\u00e7\u00e3o, que come\u00e7ou \u00e0s 7h desta quarta-feira e que \u00e0s 8h45 ainda estava a decorrer, foram apreendidas quatro ca\u00e7adeiras, uma pistola e pequenas doses de <a href=\"https:\/\/www.publico.pt\/haxixe\" target=\"_blank\" rel=\"nofollow noopener\">haxixe<\/a>.<\/p>\n<p>A opera\u00e7\u00e3o envolve cerca de 100 elementos das val\u00eancias de investiga\u00e7\u00e3o criminal, equipas de ordem p\u00fablica e ainda a Unidade Especial de Pol\u00edcia, indicou a fonte no local onde decorre a opera\u00e7\u00e3o.<\/p>\n<p>&#8220;Esta opera\u00e7\u00e3o foi motivada pelas diversas ocorr\u00eancias com utiliza\u00e7\u00e3o de armas verificadas naqueles locais&#8221;, tinha j\u00e1 adiantado a <a href=\"https:\/\/www.publico.pt\/psp\" target=\"_blank\" rel=\"nofollow noopener\">PSP <\/a>em comunicado, enviado pelas 7h40.<\/p>\n<p>Segundo a PSP, a opera\u00e7\u00e3o ir\u00e1 continuar a decorrer nas pr\u00f3ximas horas, pelo que o acesso a estas locais se encontra fortemente condicionado. No terreno encontram-se as val\u00eancias de investiga\u00e7\u00e3o criminal, equipas de ordem p\u00fablica e ainda a Unidade Especial de Pol\u00edcia.<\/p>\n","protected":false},"excerpt":{"rendered":"O Comando Metropolitano de Lisboa da PSP est\u00e1 a realizar, nesta quarta-feira, 19 de Novembro, uma opera\u00e7\u00e3o de&hellip;\n","protected":false},"author":2,"featured_media":157519,"comment_status":"","ping_status":"","sticky":false,"template":"","format":"standard","meta":{"footnotes":""},"categories":[10],"tags":[33769,5688,27,28,33768,604,15,16,14,25,26,797,352,21,22,12,13,19,20,32,23,24,1306,33,17,18,29,30,31],"class_list":{"0":"post-157518","1":"post","2":"type-post","3":"status-publish","4":"format-standard","5":"has-post-thumbnail","7":"category-portugal","8":"tag-ameixoeira","9":"tag-armas","10":"tag-breaking-news","11":"tag-breakingnews","12":"tag-comando-metropolitano-de-lisboa-da-psp","13":"tag-crime","14":"tag-featured-news","15":"tag-featurednews","16":"tag-headlines","17":"tag-latest-news","18":"tag-latestnews","19":"tag-lisboa","20":"tag-local","21":"tag-main-news","22":"tag-mainnews","23":"tag-news","24":"tag-noticias","25":"tag-noticias-principais","26":"tag-noticiasprincipais","27":"tag-portugal","28":"tag-principais-noticias","29":"tag-principaisnoticias","30":"tag-psp","31":"tag-pt","32":"tag-top-stories","33":"tag-topstories","34":"tag-ultimas","35":"tag-ultimas-noticias","36":"tag-ultimasnoticias"},"share_on_mastodon":{"url":"https:\/\/pubeurope.com\/@pt\/115576115237368469","error":""},"_links":{"self":[{"href":"https:\/\/www.europesays.com\/pt\/wp-json\/wp\/v2\/posts\/157518","targetHints":{"allow":["GET"]}}],"collection":[{"href":"https:\/\/www.europesays.com\/pt\/wp-json\/wp\/v2\/posts"}],"about":[{"href":"https:\/\/www.europesays.com\/pt\/wp-json\/wp\/v2\/types\/post"}],"author":[{"embeddable":true,"href":"https:\/\/www.europesays.com\/pt\/wp-json\/wp\/v2\/users\/2"}],"replies":[{"embeddable":true,"href":"https:\/\/www.europesays.com\/pt\/wp-json\/wp\/v2\/comments?post=157518"}],"version-history":[{"count":0,"href":"https:\/\/www.europesays.com\/pt\/wp-json\/wp\/v2\/posts\/157518\/revisions"}],"wp:featuredmedia":[{"embeddable":true,"href":"https:\/\/www.europesays.com\/pt\/wp-json\/wp\/v2\/media\/157519"}],"wp:attachment":[{"href":"https:\/\/www.europesays.com\/pt\/wp-json\/wp\/v2\/media?parent=157518"}],"wp:term":[{"taxonomy":"category","embeddable":true,"href":"https:\/\/www.europesays.com\/pt\/wp-json\/wp\/v2\/categories?post=157518"},{"taxonomy":"post_tag","embeddable":true,"href":"https:\/\/www.europesays.com\/pt\/wp-json\/wp\/v2\/tags?post=157518"}],"curies":[{"name":"wp","href":"https:\/\/api.w.org\/{rel}","templated":true}]}}