{"id":157522,"date":"2025-11-19T11:29:26","date_gmt":"2025-11-19T11:29:26","guid":{"rendered":"https:\/\/www.europesays.com\/pt\/157522\/"},"modified":"2025-11-19T11:29:26","modified_gmt":"2025-11-19T11:29:26","slug":"ex-gala-de-novelas-nico-puig-explica-nova-profissao-fala-do-casamento-de-30-anos-com-produtor-e-lembra-ensaio-nu","status":"publish","type":"post","link":"https:\/\/www.europesays.com\/pt\/157522\/","title":{"rendered":"Ex-gal\u00e3 de novelas, Nico Puig explica nova profiss\u00e3o, fala do casamento de 30 anos com produtor e lembra ensaio nu"},"content":{"rendered":"\n<p class=\" content-text__container theme-color-primary-first-letter\" data-track-category=\"Link no Texto\" data-track-links=\"\"> Aos 53 anos rec\u00e9m-completados, <a class=\"\" href=\"https:\/\/oglobo.globo.com\/tudo-sobre\/personalidade\/nico-puig\" rel=\"nofollow noopener\" target=\"_blank\">Nico Puig<\/a> ainda \u00e9 lembrado pelos pap\u00e9is em produ\u00e7\u00f5es como &#8220;Sex Appeal&#8221; (1993), &#8220;<a class=\"\" href=\"https:\/\/oglobo.globo.com\/tudo-sobre\/novela\/olho-no-olho\" rel=\"nofollow noopener\" target=\"_blank\">Olho no Olho<\/a>&#8221; (1993) e &#8220;<a class=\"\" href=\"https:\/\/oglobo.globo.com\/tudo-sobre\/novela\/malhacao\/\" rel=\"nofollow noopener\" target=\"_blank\">Malha\u00e7\u00e3o<\/a>&#8221; (1995). Com mais de 150 comerciais no curr\u00edculo, o ator, que come\u00e7ou a trabalhar aos 14 anos, resolveu, aos poucos, se afastar da carreira art\u00edstica para se dedicar a outros projetos. <\/p>\n<ul class=\"content-unordered-list\">\n<li><strong>Entrevista:<\/strong> <a class=\"\" href=\"https:\/\/oglobo.globo.com\/play\/entrevistas\/noticia\/2025\/11\/18\/cesar-filho-relembra-papel-na-novela-hipertensao-no-ar-no-globoplay-novelas-e-fala-da-carreira-como-apresentador.ghtml\" rel=\"nofollow noopener\" target=\"_blank\">Cesar Filho fala do papel na novela &#8216;Hipertens\u00e3o&#8217;, da carreira como apresentador e do casamento com Elaine Mickely<\/a><\/li>\n<li><strong>E mais:<\/strong><a class=\"\" href=\"https:\/\/oglobo.globo.com\/play\/entrevistas\/noticia\/2025\/11\/17\/luciano-szafir-fala-da-volta-a-tv-em-reality-e-de-projeto-para-atuar-ao-lado-do-filho-de-11-anos.ghtml\" rel=\"nofollow noopener\" target=\"_blank\"><strong> <\/strong>Luciano Szafir fala da volta \u00e0 TV em reality e de projeto para atuar ao lado do filho de 11 anos<\/a><\/li>\n<\/ul>\n<p class=\" content-text__container \" data-track-category=\"Link no Texto\" data-track-links=\"\"> \u2014 Chegou um momento em que precisei me afastar, o que fiz de forma gradual. Eu precisava de um tempo para resolver quest\u00f5es pessoais, havia muitos questionamentos e volta e meia me via em situa\u00e7\u00f5es de altos e baixos, a instabilidade da profiss\u00e3o. Isso fez com que eu tivesse que me reinventar para continuar honrando os meus afazeres \u2014 afirma ele, acrescentando que o dinheiro que ganhava na \u00e9poca da publicidade era pouco. \u2014 Nada se compara ao que as pessoas ganham hoje com as redes sociais. O que eu ganhei, eu gastei. <\/p>\n<p class=\" content-text__container \" data-track-category=\"Link no Texto\" data-track-links=\"\"> Em 1999, ainda em grande evid\u00eancia na m\u00eddia, Puig posou nu para a revista G Magazine. Ele chegou a gravar recentemente um depoimento para a s\u00e9rie do Globoplay sobre a revista. A produ\u00e7\u00e3o, no entanto, acabou cancelada antes de estrear. O ator conta que na \u00e9poca j\u00e1 estava se relacionando com o atual marido, Jeff Lattari, mas nunca havia falado sobre sua sexualidade publicamente. <\/p>\n<p class=\" content-text__container \" data-track-category=\"Link no Texto\" data-track-links=\"\"> \u2014 A m\u00eddia, at\u00e9 ent\u00e3o, n\u00e3o sabia nada sobre mim. A revista foi a forma que encontrei para passar um recado. Eu n\u00e3o sabia exatamente como as pessoas iam reagir, mas fiz consciente do que poderia acarretar. Eu me orgulho do ensaio, da coragem que tive para colocar em risco uma profiss\u00e3o que eu exercia desde t\u00e3o jovem. Foi um momento divisor de \u00e1guas. A \u00fanica exig\u00eancia que fiz foi ser fotografado por um homem e uma mulher, porque os olhares s\u00e3o diferentes. E na \u00e9poca eu me relacionava com homens e mulheres. N\u00e3o sou bissexual, sou homossexual, mas na \u00e9poca eu transitava entre os dois universos \u2014 explica Puig, que chegou a ser casado com uma mulher antes de conhecer o atual marido. <\/p>\n<p class=\" content-text__container \" data-track-category=\"Link no Texto\" data-track-links=\"\"> Ap\u00f3s a publica\u00e7\u00e3o, ele viajou com Jeff para S\u00e3o Francisco, onde passou um per\u00edodo, e relembra que chorou na rua ao andar de m\u00e3os dadas com o namorado. <\/p>\n<p class=\" content-text__container \" data-track-category=\"Link no Texto\" data-track-links=\"\"> \u2014 Para alguns pode parecer uma bobagem, mas quando voc\u00ea \u00e9 jovem, apaixonado, est\u00e1 querendo gritar para o mundo que est\u00e1 amando e se sentindo amado. E, quando, eu peitei o meu trabalho, realmente entendi que o amor estava falando mais alto. Eu amo a profiss\u00e3o que exerci, mas estou com meu parceiro h\u00e1 30 anos. <\/p>\n<p class=\" content-text__container \" data-track-category=\"Link no Texto\" data-track-links=\"\"> Os dois oficializaram a uni\u00e3o em 2013. Em 2014, o ator conta que aceitou participar de &#8220;<a class=\"\" href=\"https:\/\/oglobo.globo.com\/tudo-sobre\/serie\/o-aprendiz\" rel=\"nofollow noopener\" target=\"_blank\">O Aprendiz<\/a>: Celebridades&#8221; pelo cach\u00ea, mas passou por uma situa\u00e7\u00e3o constrangedora no programa comandado por <a class=\"\" href=\"https:\/\/oglobo.globo.com\/tudo-sobre\/personalidade\/roberto-justus\" rel=\"nofollow noopener\" target=\"_blank\">Roberto Justus<\/a>. <\/p>\n<p class=\" content-text__container \" data-track-category=\"Link no Texto\" data-track-links=\"\"> \u2014 Eu tive um momento de enfrentamento que n\u00e3o foi ao ar. Um dos meus oponentes falou para mim: &#8220;E se todo mundo souber a tua vida particular?&#8221;. Eu respondi dizendo que n\u00e3o tinha nada a esconder, que aquilo n\u00e3o iria me oprimir. Mas, de toda forma, a minha vida privada n\u00e3o tinha nada a ver com o teor do reality. Assim, cheguei \u00e0 conclus\u00e3o de que n\u00e3o queria mais fazer parte disto. Um milh\u00e3o pode ser muito dinheiro, mas n\u00e3o paga o meu psiquiatra. Medica\u00e7\u00e3o e tratamento levam o dinheiro todo embora \u2014 explica ele, que foi diagnosticado com depress\u00e3o cr\u00f4nica e TDAH. <\/p>\n<p class=\" content-text__container \" data-track-category=\"Link no Texto\" data-track-links=\"\"> Em 2016, Puig apresentou o marido nas redes sociais e diz que teve que lidar com uma s\u00e9rie de coment\u00e1rios maldosos, incluindo amea\u00e7as de morte. <\/p>\n<p class=\" content-text__container \" data-track-category=\"Link no Texto\" data-track-links=\"\"> \u2014 \u00c9 um \u00f3dio gratuito. Quando comecei a sofrer as amea\u00e7as, tive muitas quedas na sa\u00fade mental. Em algum momento fiquei dez dias sem sair da cama \u2014 relembra. <\/p>\n<ul class=\"content-unordered-list\">\n<li><strong>TV e famosos: <\/strong><a class=\"\" href=\"https:\/\/www.whatsapp.com\/channel\/0029Va3JQfiDTkJwvhCFGq1r\" target=\"_blank\" rel=\"nofollow noopener\">se inscreva no canal da coluna Play no WhatsApp <\/a><\/li>\n<\/ul>\n<p class=\" content-text__container \" data-track-category=\"Link no Texto\" data-track-links=\"\"> Desde que parou de atuar, Puig vive de sua paix\u00e3o pela reciclagem e pelo upcycling (processo de transformar res\u00edduos ou materiais descartados em novos produtos de maior valor). Morador de um triplex no centro de S\u00e3o Paulo e dono de mais dois apartamentos para aluguel tempor\u00e1rio no mesmo pr\u00e9dio, ele resolveu transformar o terceiro andar de sua resid\u00eancia em uma loja de garimpos, a SP Laje61. A ideia de trabalhar na \u00e1rea come\u00e7ou ainda em S\u00e3o Francisco, onde trabalhou como entregador de jornal e faxineiro para se sustentar. <\/p>\n<p class=\" content-text__container \" data-track-category=\"Link no Texto\" data-track-links=\"\"> \u2014 Eu sempre tive esse olhar transformador de me apropriar de pe\u00e7as que as pessoas achavam que n\u00e3o teriam mais uso e resgat\u00e1-las para o meu imagin\u00e1rio. Comecei a morar sozinho com 15 anos, herdei alguns m\u00f3veis e comecei a adapt\u00e1-los ao meu gosto. Os meus h\u00f3spedes volta e meia me pediam alguma coisa emprestada, ent\u00e3o pensei em transformar isso em dinheiro. Eu tenho essa loja de m\u00f3veis, objetos, roupas e acess\u00f3rios. As pessoas tanto podem comprar algo na \u00edntegra, como podem pedir uma consultoria de customiza\u00e7\u00e3o. <\/p>\n<p class=\" content-text__container \" data-track-category=\"Link no Texto\" data-track-links=\"\"> <strong>Veja fotos da coberturba de Nico Puig na galeria abaixo:<\/strong> <\/p>\n<p>    Veja fotos da cobertura de Nico Puig em S\u00e3o Paulo           <img decoding=\"async\" id=\"image-id-tumb-746213c9-10e8-406f-84cd-97e2c067fe8f\" alt=\"Os m\u00f3veis adaptados viraram bancos para a sala de estar \u2014 Foto: arquivo pessoal\" src=\"https:\/\/www.europesays.com\/pt\/wp-content\/uploads\/2025\/11\/whatsapp-image-2025-11-14-at-11.25.59-1-.jpeg\" loading=\"lazy\" height=\"720\" width=\"1280\" data-posicao=\"1\" role=\"button\" tabindex=\"0\"\/>    <img decoding=\"async\" id=\"image-id-746213c9-10e8-406f-84cd-97e2c067fe8f\" class=\"gallery-photo\" alt=\"Os m\u00f3veis adaptados viraram bancos para a sala de estar \u2014 Foto: arquivo pessoal\" src=\"https:\/\/www.europesays.com\/pt\/wp-content\/uploads\/2025\/11\/1763551752_103_whatsapp-image-2025-11-14-at-11.25.59-1-.jpeg\" loading=\"lazy\" height=\"720\" width=\"1280\"\/>  <\/p>\n<p> 1 de 19 <br \/>&#13;Os m\u00f3veis adaptados viraram bancos para a sala de estar \u2014 Foto: arquivo pessoal <\/p>\n<p>     <img decoding=\"async\" id=\"image-id-tumb-10e1bd0d-b1da-4a21-87fb-d9c76e7177d5\" alt=\"Detalhe da casa de Nico Puig em SP\" src=\"https:\/\/www.europesays.com\/pt\/wp-content\/uploads\/2025\/11\/whatsapp-image-2025-11-14-at-11.25.59.jpeg\" loading=\"lazy\" height=\"1280\" width=\"720\" data-posicao=\"2\" role=\"button\" tabindex=\"0\"\/>    <img decoding=\"async\" id=\"image-id-10e1bd0d-b1da-4a21-87fb-d9c76e7177d5\" class=\"gallery-photo\" alt=\"Detalhe da casa de Nico Puig em SP\" src=\"https:\/\/www.europesays.com\/pt\/wp-content\/uploads\/2025\/11\/1763551753_68_whatsapp-image-2025-11-14-at-11.25.59.jpeg\" loading=\"lazy\" height=\"1280\" width=\"720\"\/>  <\/p>\n<p> 2 de 19 <br \/>&#13;Detalhe da casa de Nico Puig em SP <\/p>\n<p>     Pular    <\/p>\n<p> X de 19 <br \/>Publicidade <\/p>\n<p>      <img decoding=\"async\" id=\"image-id-tumb-be361033-5d41-4f26-a9fd-39db712edddd\" alt=\"Detalhe da casa de Nico Puig em S\u00e3o Paulo\" src=\"https:\/\/www.europesays.com\/pt\/wp-content\/uploads\/2025\/11\/whatsapp-image-2025-11-14-at-11.25.58-1-.jpeg\" loading=\"lazy\" height=\"1280\" width=\"720\" data-posicao=\"3\" role=\"button\" tabindex=\"0\"\/>    <img decoding=\"async\" id=\"image-id-be361033-5d41-4f26-a9fd-39db712edddd\" class=\"gallery-photo\" alt=\"Detalhe da casa de Nico Puig em S\u00e3o Paulo\" src=\"https:\/\/www.europesays.com\/pt\/wp-content\/uploads\/2025\/11\/1763551755_498_whatsapp-image-2025-11-14-at-11.25.58-1-.jpeg\" loading=\"lazy\" height=\"1280\" width=\"720\"\/>  <\/p>\n<p> 3 de 19 <br \/>&#13;Detalhe da casa de Nico Puig em S\u00e3o Paulo <\/p>\n<p>      <img decoding=\"async\" id=\"image-id-a7295b7f-dc58-4c01-9070-4ea0c7bfc540\" class=\"gallery-photo\" alt=\"Espelho com decora\u00e7\u00e3o na casa de Nico Puig em S\u00e3o Paulo\" src=\"https:\/\/www.europesays.com\/pt\/wp-content\/uploads\/2025\/11\/whatsapp-image-2025-11-14-at-11.25.58.jpeg\" loading=\"lazy\" height=\"1280\" width=\"720\"\/>  <\/p>\n<p> 4 de 19 <br \/>&#13;Espelho com decora\u00e7\u00e3o na casa de Nico Puig em S\u00e3o Paulo <\/p>\n<p>     Pular    <\/p>\n<p> X de 19 <br \/>Publicidade <\/p>\n<p>      <img decoding=\"async\" id=\"image-id-5d3ee4f3-e0b0-4b36-ad09-a5198a1bf96f\" class=\"gallery-photo\" alt=\"O escrit\u00f3rio da casa de Nico Puig em S\u00e3o Paulo\" src=\"https:\/\/www.europesays.com\/pt\/wp-content\/uploads\/2025\/11\/whatsapp-image-2025-11-14-at-11.25.57-1-.jpeg\" loading=\"lazy\" height=\"1280\" width=\"720\"\/>  <\/p>\n<p> 5 de 19 <br \/>&#13;O escrit\u00f3rio da casa de Nico Puig em S\u00e3o Paulo <\/p>\n<p>      <img decoding=\"async\" id=\"image-id-18c23b03-def9-4fea-bafb-434cf852789b\" class=\"gallery-photo\" alt=\"Detalhes da casa de Nico Puig em S\u00e3o Paulo\" src=\"https:\/\/www.europesays.com\/pt\/wp-content\/uploads\/2025\/11\/whatsapp-image-2025-11-14-at-11.25.57.jpeg\" loading=\"lazy\" height=\"1280\" width=\"720\"\/>  <\/p>\n<p> 6 de 19 <br \/>&#13;Detalhes da casa de Nico Puig em S\u00e3o Paulo <\/p>\n<p>     Pular    <\/p>\n<p> X de 19 <br \/>Publicidade <\/p>\n<p>      <img decoding=\"async\" id=\"image-id-6b0246b1-1f94-40d1-8fe8-ed2011ce71c0\" class=\"gallery-photo\" alt=\"A mesa estilizada \u2014 Foto: arquivo pessoal\" src=\"https:\/\/www.europesays.com\/pt\/wp-content\/uploads\/2025\/11\/whatsapp-image-2025-11-14-at-11.25.56-2-.jpeg\" loading=\"lazy\" height=\"720\" width=\"1280\"\/>  <\/p>\n<p> 7 de 19 <br \/>&#13;A mesa estilizada \u2014 Foto: arquivo pessoal <\/p>\n<p>      <img decoding=\"async\" id=\"image-id-4d453809-b6bc-4b4b-a8d2-148508ab3539\" class=\"gallery-photo\" alt=\"Detalhes \u2014 Foto: arquivo pessoal\" src=\"https:\/\/www.europesays.com\/pt\/wp-content\/uploads\/2025\/11\/whatsapp-image-2025-11-14-at-11.25.56-1-.jpeg\" loading=\"lazy\" height=\"1280\" width=\"720\"\/>  <\/p>\n<p> 8 de 19 <br \/>&#13;Detalhes \u2014 Foto: arquivo pessoal <\/p>\n<p>     Pular    <\/p>\n<p> X de 19 <br \/>Publicidade <\/p>\n<p>      <img decoding=\"async\" id=\"image-id-53c53c08-e94b-4a75-8839-43b3d91f0032\" class=\"gallery-photo\" alt=\"Pintura na parede \u2014 Foto: arquivo pessoal\" src=\"https:\/\/www.europesays.com\/pt\/wp-content\/uploads\/2025\/11\/whatsapp-image-2025-11-14-at-11.25.56.jpeg\" loading=\"lazy\" height=\"1280\" width=\"720\"\/>  <\/p>\n<p> 9 de 19 <br \/>&#13;Pintura na parede \u2014 Foto: arquivo pessoal <\/p>\n<p>      <img decoding=\"async\" id=\"image-id-7eaddfc3-d3ef-4b23-a218-2d1fbf98e3c7\" class=\"gallery-photo\" alt=\"A gaiola boneco e plantas na casa de Nico Puig em S\u00e3o Paulo \u2014 Foto: arquivo pessoal\" src=\"https:\/\/www.europesays.com\/pt\/wp-content\/uploads\/2025\/11\/whatsapp-image-2025-11-14-at-11.25.55.jpeg\" loading=\"lazy\" height=\"1280\" width=\"720\"\/>  <\/p>\n<p> 10 de 19 <br \/>&#13;A gaiola boneco e plantas na casa de Nico Puig em S\u00e3o Paulo \u2014 Foto: arquivo pessoal <\/p>\n<p>     Pular    <\/p>\n<p> X de 19 <br \/>Publicidade <\/p>\n<p>      <img decoding=\"async\" id=\"image-id-1a4a9c99-98c4-4637-b561-24a7e943adab\" class=\"gallery-photo\" alt=\"Azulejos variados, pastilhas coloridas e bonecos em madeira na casa de Nico Puig em S\u00e3o Paulo \u2014 Foto: arquivo pessoal\" src=\"https:\/\/www.europesays.com\/pt\/wp-content\/uploads\/2025\/11\/whatsapp-image-2025-11-14-at-11.25.54.jpeg\" loading=\"lazy\" height=\"1280\" width=\"720\"\/>  <\/p>\n<p> 11 de 19 <br \/>&#13;Azulejos variados, pastilhas coloridas e bonecos em madeira na casa de Nico Puig em S\u00e3o Paulo \u2014 Foto: arquivo pessoal <\/p>\n<p>      <img decoding=\"async\" id=\"image-id-d9b9665b-5be6-4441-9164-18b896d60764\" class=\"gallery-photo\" alt=\"O banheiro com azulejos e suporte de m\u00e1quina de costura no lavabo \u2014 Foto: arquivo pessoal\" src=\"https:\/\/www.europesays.com\/pt\/wp-content\/uploads\/2025\/11\/whatsapp-image-2025-11-14-at-11.25.53-1-.jpeg\" loading=\"lazy\" height=\"1280\" width=\"720\"\/>  <\/p>\n<p> 12 de 19 <br \/>&#13;O banheiro com azulejos e suporte de m\u00e1quina de costura no lavabo \u2014 Foto: arquivo pessoal <\/p>\n<p>     Pular    <\/p>\n<p> X de 19 <br \/>Publicidade <\/p>\n<p>      <img decoding=\"async\" id=\"image-id-858b8006-eb23-48bf-8ba8-232d117cc316\" class=\"gallery-photo\" alt=\"A jacuzzi do ambiente e os vasos de planta alternativos Foto: arquivo pessoal\" src=\"https:\/\/www.europesays.com\/pt\/wp-content\/uploads\/2025\/11\/whatsapp-image-2025-11-14-at-11.25.53.jpeg\" loading=\"lazy\" height=\"720\" width=\"1280\"\/>  <\/p>\n<p> 13 de 19 <br \/>&#13;A jacuzzi do ambiente e os vasos de planta alternativos Foto: arquivo pessoal <\/p>\n<p>      <img decoding=\"async\" id=\"image-id-a7bfd28f-e086-4cfa-8ebc-b3b8ff8775a0\" class=\"gallery-photo\" alt=\"As plantas que ornam a cobertura \u2014 Foto: arquivo pessoal\" src=\"https:\/\/www.europesays.com\/pt\/wp-content\/uploads\/2025\/11\/whatsapp-image-2025-11-14-at-11.25.51-1-.jpeg\" loading=\"lazy\" height=\"720\" width=\"1280\"\/>  <\/p>\n<p> 14 de 19 <br \/>&#13;As plantas que ornam a cobertura \u2014 Foto: arquivo pessoal <\/p>\n<p>     Pular    <\/p>\n<p> X de 19 <br \/>Publicidade <\/p>\n<p>      <img decoding=\"async\" id=\"image-id-7891f9cb-b2aa-441c-93a8-720e3c0784d9\" class=\"gallery-photo\" alt=\"Detalhe da mesa de refei\u00e7\u00e3o com teto vivo e o cobog\u00f3\" src=\"https:\/\/www.europesays.com\/pt\/wp-content\/uploads\/2025\/11\/whatsapp-image-2025-11-14-at-11.25.52-2-.jpeg\" loading=\"lazy\" height=\"720\" width=\"1280\"\/>  <\/p>\n<p> 15 de 19 <br \/>&#13;Detalhe da mesa de refei\u00e7\u00e3o com teto vivo e o cobog\u00f3 <\/p>\n<p>      <img decoding=\"async\" id=\"image-id-794e784f-10af-4f5c-9cfd-1f8c1bc8f47d\" class=\"gallery-photo\" alt=\"Casa NP 19 \u2014 Foto: arquivo pessoal\" src=\"https:\/\/www.europesays.com\/pt\/wp-content\/uploads\/2025\/11\/whatsapp-image-2025-11-14-at-11.25.51.jpeg\" loading=\"lazy\" height=\"720\" width=\"1280\"\/>  <\/p>\n<p> 16 de 19 <br \/>&#13;Casa NP 19 \u2014 Foto: arquivo pessoal <\/p>\n<p>     Pular    <\/p>\n<p> X de 19 <br \/>Publicidade <\/p>\n<p>      <img decoding=\"async\" id=\"image-id-1b59657f-c904-4da2-9967-9043f7e01870\" class=\"gallery-photo\" alt=\"Casa NP 14 \u2014 Foto: arquivo pessoal\" src=\"https:\/\/www.europesays.com\/pt\/wp-content\/uploads\/2025\/11\/whatsapp-image-2025-11-14-at-11.25.52-3-.jpeg\" loading=\"lazy\" height=\"720\" width=\"1280\"\/>  <\/p>\n<p> 17 de 19 <br \/>&#13;Casa NP 14 \u2014 Foto: arquivo pessoal <\/p>\n<p>      <img decoding=\"async\" id=\"image-id-0914f9c9-d57b-4f34-9c29-5b279efaa614\" class=\"gallery-photo\" alt=\"Os bancos feitos com material de ber\u00e7o hospitalar \u2014 Foto: arquivo pessoal\" src=\"https:\/\/www.europesays.com\/pt\/wp-content\/uploads\/2025\/11\/whatsapp-image-2025-11-14-at-11.25.52-1-.jpeg\" loading=\"lazy\" height=\"720\" width=\"1280\"\/>  <\/p>\n<p> 18 de 19 <br \/>&#13;Os bancos feitos com material de ber\u00e7o hospitalar \u2014 Foto: arquivo pessoal <\/p>\n<p>     Pular    <\/p>\n<p> X de 19 <br \/>Publicidade <\/p>\n<p>      <img decoding=\"async\" id=\"image-id-36c1d08a-e8c4-4d00-a6f1-1e92c42b4af2\" class=\"gallery-photo\" alt=\"Decora\u00e7\u00e3o multicolorida \u2014 Foto: arquivo pessoal\" src=\"https:\/\/www.europesays.com\/pt\/wp-content\/uploads\/2025\/11\/whatsapp-image-2025-11-14-at-11.25.52.jpeg\" loading=\"lazy\" height=\"720\" width=\"1280\"\/>  <\/p>\n<p> 19 de 19 <br \/>&#13;Decora\u00e7\u00e3o multicolorida \u2014 Foto: arquivo pessoal <\/p>\n<p>.<\/p>\n<p>        <img decoding=\"async\" class=\"content-media__image\"  src=\"https:\/\/www.europesays.com\/pt\/wp-content\/uploads\/2025\/11\/nico-e-jeff.png\" alt=\"Nico Puig e o marido, Jeff \u2014 Foto: reprodu\u00e7\u00e3o\" width=\"366\" height=\"227\" loading=\"lazy\"\/>  Nico Puig e o marido, Jeff \u2014 Foto: reprodu\u00e7\u00e3o          <img decoding=\"async\" class=\"content-media__image\"  src=\"https:\/\/www.europesays.com\/pt\/wp-content\/uploads\/2025\/11\/1763551765_272_arte.png\" alt=\"Nico Puig nos anos 1990 e atualmente \u2014 Foto: Reprodu\u00e7\u00e3o\" width=\"1921\" height=\"1142\" loading=\"lazy\"\/>  Nico Puig nos anos 1990 e atualmente \u2014 Foto: Reprodu\u00e7\u00e3o                 <img decoding=\"async\" class=\"content-media__image\"  src=\"https:\/\/www.europesays.com\/pt\/wp-content\/uploads\/2025\/11\/whatsapp-image-2025-11-18-at-19.10.59.jpeg\" alt=\"Nico Puig e o seu triplex em S\u00e3o Paulo \u2014 Foto: Reprodu\u00e7\u00e3o\" width=\"750\" height=\"419\" loading=\"lazy\"\/>  Nico Puig e o seu triplex em S\u00e3o Paulo \u2014 Foto: Reprodu\u00e7\u00e3o       <\/p>\n","protected":false},"excerpt":{"rendered":"Aos 53 anos rec\u00e9m-completados, Nico Puig ainda \u00e9 lembrado pelos pap\u00e9is em produ\u00e7\u00f5es como &#8220;Sex Appeal&#8221; (1993), &#8220;Olho&hellip;\n","protected":false},"author":2,"featured_media":157523,"comment_status":"","ping_status":"","sticky":false,"template":"","format":"standard","meta":{"footnotes":""},"categories":[142],"tags":[114,115,2848,716,33770,33772,33771,32,33,679,9680,151,2323],"class_list":{"0":"post-157522","1":"post","2":"type-post","3":"status-publish","4":"format-standard","5":"has-post-thumbnail","7":"category-tv","8":"tag-entertainment","9":"tag-entretenimento","10":"tag-malhacao","11":"tag-netflix","12":"tag-nico-puig","13":"tag-o-aprendiz","14":"tag-olho-no-olho","15":"tag-portugal","16":"tag-pt","17":"tag-reportagem","18":"tag-roberto-justus","19":"tag-tv","20":"tag-tv-globo"},"share_on_mastodon":{"url":"https:\/\/pubeurope.com\/@pt\/115576136386906396","error":""},"_links":{"self":[{"href":"https:\/\/www.europesays.com\/pt\/wp-json\/wp\/v2\/posts\/157522","targetHints":{"allow":["GET"]}}],"collection":[{"href":"https:\/\/www.europesays.com\/pt\/wp-json\/wp\/v2\/posts"}],"about":[{"href":"https:\/\/www.europesays.com\/pt\/wp-json\/wp\/v2\/types\/post"}],"author":[{"embeddable":true,"href":"https:\/\/www.europesays.com\/pt\/wp-json\/wp\/v2\/users\/2"}],"replies":[{"embeddable":true,"href":"https:\/\/www.europesays.com\/pt\/wp-json\/wp\/v2\/comments?post=157522"}],"version-history":[{"count":0,"href":"https:\/\/www.europesays.com\/pt\/wp-json\/wp\/v2\/posts\/157522\/revisions"}],"wp:featuredmedia":[{"embeddable":true,"href":"https:\/\/www.europesays.com\/pt\/wp-json\/wp\/v2\/media\/157523"}],"wp:attachment":[{"href":"https:\/\/www.europesays.com\/pt\/wp-json\/wp\/v2\/media?parent=157522"}],"wp:term":[{"taxonomy":"category","embeddable":true,"href":"https:\/\/www.europesays.com\/pt\/wp-json\/wp\/v2\/categories?post=157522"},{"taxonomy":"post_tag","embeddable":true,"href":"https:\/\/www.europesays.com\/pt\/wp-json\/wp\/v2\/tags?post=157522"}],"curies":[{"name":"wp","href":"https:\/\/api.w.org\/{rel}","templated":true}]}}