{"id":157524,"date":"2025-11-19T11:30:23","date_gmt":"2025-11-19T11:30:23","guid":{"rendered":"https:\/\/www.europesays.com\/pt\/157524\/"},"modified":"2025-11-19T11:30:23","modified_gmt":"2025-11-19T11:30:23","slug":"confira-a-programacao-da-expofemi-2026-rede-princesa-xanxere","status":"publish","type":"post","link":"https:\/\/www.europesays.com\/pt\/157524\/","title":{"rendered":"Confira a programa\u00e7\u00e3o da ExpoFemi 2026 &#8211; Rede Princesa Xanxer\u00ea"},"content":{"rendered":"<ol>\n<li><a href=\"https:\/\/news.google.com\/rss\/articles\/CBMijgFBVV95cUxPa2tyYldWLVBaRDQ4aW5LRlpBc3laUEhfWi1Va3lvV19kelpnUWRyTDhxSWZzMFpqMmtqQTF4WldYdFVzaHU3VG9oam5meHIxblVyWHNqOGpNZnF6cUlGV2dQYjFpZDg5c0lVYzdpMGpBVHh2Yk9reVpnanB4NlRPQ0pDaVAwU01zME1LRm9n?oc=5\" target=\"_blank\" rel=\"nofollow noopener\">Confira a programa\u00e7\u00e3o da ExpoFemi 2026<\/a>&nbsp;&nbsp;Rede Princesa Xanxer\u00ea<\/li>\n<li><a href=\"https:\/\/news.google.com\/rss\/articles\/CBMiowFBVV95cUxNX1lyMWxVQUdRY1F3UXhya0JEaThfS1FvSUkzM1BtQVF6Y2dTa0V0SnRhdnk0WFEtMC1nYllTTDNnenRDWWdqVDBlQXBGVk43TF9RVE5PeHRQM2V4UE5UTGpVM3VTMkU0QkhSQXFHS1NZVVdQSjAtdU1aWk8zYkNvWVBTNEJTUW03Y1QzVmdJS3ZydXo5bWJzMjMzNXdDdnZTT3M0?oc=5\" target=\"_blank\" rel=\"nofollow noopener\">ExpoFemi 2026: confira a programa\u00e7\u00e3o dos shows<\/a>&nbsp;&nbsp;Tudo Sobre Xanxer\u00ea<\/li>\n<li><a href=\"https:\/\/news.google.com\/rss\/articles\/CBMivwFBVV95cUxOMFVQTm5oTWVFdHFlY1hfOVpKREdQakE2a2tRNlMweUhYOElxUG5JV01JX3FsRzZobEZjaTZ0Qm85bzcydWZmTUF0ZDVJc1lxWmxnZjg5aDF2eWlEZ0tYb0VWM1JSN3dEczlTamk3clY2emNIUlRGMDZMSENudjI0a2pLX0c2M0pWWm5ob2FPQWRqcGt5RG5nX0xLdXVXbFVybWNkM0dtUFlLNl9SWEtYM2RTbTRlQTZTZmhaNVpUbw?oc=5\" target=\"_blank\" rel=\"nofollow noopener\">Com shows de Luan Santana e Ana Castela, ExpoFemi 2026 \u00e9 lan\u00e7ada em Xanxer\u00ea<\/a>&nbsp;&nbsp;Oeste Mais<\/li>\n<li><a href=\"https:\/\/news.google.com\/rss\/articles\/CBMiiAFBVV95cUxQU3ZKcU5OODZXblRSOTQ2eWc1bWV5Sk00X3UwVUR6QTNub3Y4dlRYR2l6anlQM1VxRk56djNYSGFoRmoxMWhwMzRyVVhNU3ZCMXVNZGRxVjBfems2Q28yM0pINXYySzJnLWhPdDFjWTdncGI5dFV2WUVpYWVzUmlYRmpJUjI3VGNj?oc=5\" target=\"_blank\" rel=\"nofollow noopener\">Confira os shows da ExpoFemi 2026 em Xanxer\u00ea<\/a>&nbsp;&nbsp;NSC Total<\/li>\n<li><a href=\"https:\/\/news.google.com\/rss\/articles\/CBMiqAFBVV95cUxPcVRzYVJ6bFFxb0ZVNTNWNVJrSi1MNS0zVVBLN3VDNmgxUzFDZTZzZ1VEeUh1RlhjMlZJUVpTeTN5bG1aTXFXaFFCUVozTnNsQnRrcldYZzZlNTlSLXNoOFgxZEtnUkdUNVdRNnhOb3JENzlBVHYzRHNDZmdEOUpJRWxqVEpHT0pydFlVeHBOZG5kS0hRUk1kMVI2SXRUMlBwTFFtUVFYZEE?oc=5\" target=\"_blank\" rel=\"nofollow noopener\">ExpoFemi 2026: confira os shows que v\u00e3o movimentar os nove dias de feira<\/a>&nbsp;&nbsp;Canal Ideal<\/li>\n<\/ol>\n","protected":false},"excerpt":{"rendered":"Confira a programa\u00e7\u00e3o da ExpoFemi 2026&nbsp;&nbsp;Rede Princesa Xanxer\u00ea ExpoFemi 2026: confira a programa\u00e7\u00e3o dos shows&nbsp;&nbsp;Tudo Sobre Xanxer\u00ea Com&hellip;\n","protected":false},"author":2,"featured_media":157525,"comment_status":"","ping_status":"","sticky":false,"template":"","format":"standard","meta":{"footnotes":""},"categories":[141],"tags":[114,115,149,150,32,33],"class_list":{"0":"post-157524","1":"post","2":"type-post","3":"status-publish","4":"format-standard","5":"has-post-thumbnail","7":"category-musica","8":"tag-entertainment","9":"tag-entretenimento","10":"tag-music","11":"tag-musica","12":"tag-portugal","13":"tag-pt"},"share_on_mastodon":{"url":"https:\/\/pubeurope.com\/@pt\/115576139034407254","error":""},"_links":{"self":[{"href":"https:\/\/www.europesays.com\/pt\/wp-json\/wp\/v2\/posts\/157524","targetHints":{"allow":["GET"]}}],"collection":[{"href":"https:\/\/www.europesays.com\/pt\/wp-json\/wp\/v2\/posts"}],"about":[{"href":"https:\/\/www.europesays.com\/pt\/wp-json\/wp\/v2\/types\/post"}],"author":[{"embeddable":true,"href":"https:\/\/www.europesays.com\/pt\/wp-json\/wp\/v2\/users\/2"}],"replies":[{"embeddable":true,"href":"https:\/\/www.europesays.com\/pt\/wp-json\/wp\/v2\/comments?post=157524"}],"version-history":[{"count":0,"href":"https:\/\/www.europesays.com\/pt\/wp-json\/wp\/v2\/posts\/157524\/revisions"}],"wp:featuredmedia":[{"embeddable":true,"href":"https:\/\/www.europesays.com\/pt\/wp-json\/wp\/v2\/media\/157525"}],"wp:attachment":[{"href":"https:\/\/www.europesays.com\/pt\/wp-json\/wp\/v2\/media?parent=157524"}],"wp:term":[{"taxonomy":"category","embeddable":true,"href":"https:\/\/www.europesays.com\/pt\/wp-json\/wp\/v2\/categories?post=157524"},{"taxonomy":"post_tag","embeddable":true,"href":"https:\/\/www.europesays.com\/pt\/wp-json\/wp\/v2\/tags?post=157524"}],"curies":[{"name":"wp","href":"https:\/\/api.w.org\/{rel}","templated":true}]}}