{"id":157526,"date":"2025-11-19T11:31:12","date_gmt":"2025-11-19T11:31:12","guid":{"rendered":"https:\/\/www.europesays.com\/pt\/157526\/"},"modified":"2025-11-19T11:31:12","modified_gmt":"2025-11-19T11:31:12","slug":"vem-ai-james-gunn-compartilha-foto-dos-supergemeos","status":"publish","type":"post","link":"https:\/\/www.europesays.com\/pt\/157526\/","title":{"rendered":"Vem a\u00ed? James Gunn compartilha foto dos Superg\u00eameos"},"content":{"rendered":"<p>  <img decoding=\"async\" src=\"https:\/\/cdn.ome.lt\/static\/omelete\/img\/loading.svg\" alt=\"\"\/><\/p>\n<p>  <img decoding=\"async\" class=\"article__cover__image\" data-lazy-src-mob=\"\/\/cdn.ome.lt\/LaMSkIewuz-5gKo2nlYcp55bpQg=\/570x0\/smart\/filters:format(webp)\/uploads\/conteudo\/fotos\/Return.webp\" data-lazy-src=\"https:\/\/cdn.ome.lt\/QcjWK7Y1LHhsQZ5dZUgkcjsdHzQ=\/987x0\/smart\/filters:format(webp)\/uploads\/conteudo\/fotos\/Return.webp\" src=\"data:image\/png;base64,iVBORw0KGgoAAAANSUhEUgAAAAEAAAABCAQAAAC1HAwCAAAAC0lEQVR42mNkYAAAAAYAAjCB0C8AAAAASUVORK5CYII=\" alt=\"Superg\u00eameos\" title=\"Superg\u00eameos\" width=\"987\" height=\"555\" fetchpriority=\"high\"\/><\/p>\n<p class=\"article__cover__credits\">\n  Cr\u00e9ditos da imagem:<br \/>\n  Reprodu\u00e7\u00e3o\n<\/p>\n<p>O chefe do\u00a0<strong>DCU<\/strong> e diretor de\u00a0<strong>Superman<\/strong>,\u00a0<strong>James Gunn<\/strong>, mexeu com o cora\u00e7\u00e3o dos f\u00e3s recentemente ao compartilhar uma arte feita por\u00a0<strong>Alex Ross\u00a0<\/strong>dos Superg\u00eameos, personagens da\u00a0<strong>DC\u00a0<\/strong>que ficaram famosos com o desenho\u00a0<strong>Super Amigos<\/strong>.\u00a0<\/p>\n<p>Vale destacar que Gunn vira e mexe publica imagens aleat\u00f3rias de vil\u00f5es e personagens da DC no seu\u00a0<strong>Instagram<\/strong>, contudo, um projeto dos Superg\u00eameos j\u00e1 foi ventilado na DC em 2023, e teria\u00a0<strong>KJ Apa\u00a0<\/strong>e\u00a0<strong>Isabel May\u00a0<\/strong>como Jayna e Zan, os dois alien\u00edgenas que conseguem mudar de forma.\u00a0<\/p>\n<p>            Continua depois da Publicidade<\/p>\n<p>A dupla ganhou notoriedade com o desenho\u00a0Super Amigos,\u00a0produzido pela\u00a0<strong>Hanna-Barbera<\/strong>, onde faziam parte do elenco de uma vers\u00e3o da Liga da Justi\u00e7a que ainda contava com Batman, Robin, Superman, Aquaman, Chefe Apache e Mulher-Maravilha.\u00a0<\/p>\n<p>Contudo, caso a DC esteja com planos de introduzir a dupla de alien\u00edgenas no DCU, \u00e9 bem prov\u00e1vel que v\u00e1 demorar, visto que Gunn gosta de aprovar o roteiro das produ\u00e7\u00f5es primeiro antes de dar o sinal verde para come\u00e7arem as grava\u00e7\u00f5es e montagem do elenco.<\/p>\n<p>\u00a0<\/p>\n","protected":false},"excerpt":{"rendered":"Cr\u00e9ditos da imagem: Reprodu\u00e7\u00e3o O chefe do\u00a0DCU e diretor de\u00a0Superman,\u00a0James Gunn, mexeu com o cora\u00e7\u00e3o dos f\u00e3s recentemente&hellip;\n","protected":false},"author":2,"featured_media":157527,"comment_status":"","ping_status":"","sticky":false,"template":"","format":"standard","meta":{"footnotes":""},"categories":[140],"tags":[114,115,147,148,146,32,33],"class_list":{"0":"post-157526","1":"post","2":"type-post","3":"status-publish","4":"format-standard","5":"has-post-thumbnail","7":"category-filmes","8":"tag-entertainment","9":"tag-entretenimento","10":"tag-film","11":"tag-filmes","12":"tag-movies","13":"tag-portugal","14":"tag-pt"},"share_on_mastodon":{"url":"https:\/\/pubeurope.com\/@pt\/115576143409045499","error":""},"_links":{"self":[{"href":"https:\/\/www.europesays.com\/pt\/wp-json\/wp\/v2\/posts\/157526","targetHints":{"allow":["GET"]}}],"collection":[{"href":"https:\/\/www.europesays.com\/pt\/wp-json\/wp\/v2\/posts"}],"about":[{"href":"https:\/\/www.europesays.com\/pt\/wp-json\/wp\/v2\/types\/post"}],"author":[{"embeddable":true,"href":"https:\/\/www.europesays.com\/pt\/wp-json\/wp\/v2\/users\/2"}],"replies":[{"embeddable":true,"href":"https:\/\/www.europesays.com\/pt\/wp-json\/wp\/v2\/comments?post=157526"}],"version-history":[{"count":0,"href":"https:\/\/www.europesays.com\/pt\/wp-json\/wp\/v2\/posts\/157526\/revisions"}],"wp:featuredmedia":[{"embeddable":true,"href":"https:\/\/www.europesays.com\/pt\/wp-json\/wp\/v2\/media\/157527"}],"wp:attachment":[{"href":"https:\/\/www.europesays.com\/pt\/wp-json\/wp\/v2\/media?parent=157526"}],"wp:term":[{"taxonomy":"category","embeddable":true,"href":"https:\/\/www.europesays.com\/pt\/wp-json\/wp\/v2\/categories?post=157526"},{"taxonomy":"post_tag","embeddable":true,"href":"https:\/\/www.europesays.com\/pt\/wp-json\/wp\/v2\/tags?post=157526"}],"curies":[{"name":"wp","href":"https:\/\/api.w.org\/{rel}","templated":true}]}}