{"id":157533,"date":"2025-11-19T11:37:12","date_gmt":"2025-11-19T11:37:12","guid":{"rendered":"https:\/\/www.europesays.com\/pt\/157533\/"},"modified":"2025-11-19T11:37:12","modified_gmt":"2025-11-19T11:37:12","slug":"romenia-mobiliza-cacas-em-resposta-a-incursao-de-drone","status":"publish","type":"post","link":"https:\/\/www.europesays.com\/pt\/157533\/","title":{"rendered":"Rom\u00e9nia mobiliza ca\u00e7as em resposta a incurs\u00e3o de drone"},"content":{"rendered":"<p data-remotead-prev-elm=\"true\" data-remotead-elm-id=\"inread\">&#8220;O drone reapareceu intermitentemente<strong> no radar durante cerca de 12 minutos<\/strong>&#8220;, ap\u00f3s ataques a\u00e9reos russos perto da fronteira romena com a Ucr\u00e2nia, indicou o minist\u00e9rio em comunicado.<\/p>\n<p>Ainda de acordo com a mesma fonte, n\u00e3o foi registado qualquer impacto terrestre.<\/p>\n<p>O Minist\u00e9rio da Defesa romeno especificou ainda que <strong>dois avi\u00f5es de combate alem\u00e3es <\/strong>operavam na Rom\u00e9nia e monitorizaram a situa\u00e7\u00e3o pouco depois da meia-noite, perto da fronteira com a Ucr\u00e2nia, ap\u00f3s os ataques a\u00e9reos russos. Outras duas aeronaves de combate, <strong>ca\u00e7as F-16 da For\u00e7a A\u00e9rea romena<\/strong>, foram mobilizados.<\/p>\n<p data-remotead-prev-elm=\"true\" data-remotead-elm-id=\"centro1\">O sinal de um aparelho a\u00e9reo n\u00e3o tripulado foi detetado ap\u00f3s penetrar <strong>aproximadamente oito quil\u00f3metros no espa\u00e7o a\u00e9reo da Rom\u00e9nia<\/strong>, antes de desaparecer do radar, acrescentou o Minist\u00e9rio da Defesa.<\/p>\n<p>Na sequ\u00eancia do sobrevoo do drone, as autoridades de Bucareste emitiram um alerta telef\u00f3nico dirigido aos residentes das regi\u00f5es de Tulcea de Galati, no sudeste do pa\u00eds.<\/p>\n<p>Desde a invas\u00e3o da Ucr\u00e2nia pela R\u00fassia, em 2022, a Rom\u00e9nia registou v\u00e1rias viola\u00e7\u00f5es do espa\u00e7o a\u00e9reo nacional, incluindo a queda de fragmentos de drones.<\/p>\n<p>Na segunda-feira, a Rom\u00e9nia ordenou a evacua\u00e7\u00e3o de duas aldeias, uma medida in\u00e9dita no pa\u00eds devido \u00e0 guerra na Ucr\u00e2nia. A retirada dos civis ocorreu depois de um ataque com um drone junto ao rio Dan\u00fabio, na Ucr\u00e2nia, ter provocado um inc\u00eandio num navio com pavilh\u00e3o turco que transportava g\u00e1s de petr\u00f3leo liquefeito. A ordem de evacua\u00e7\u00e3o foi levantada na ter\u00e7a-feira.<\/p>\n","protected":false},"excerpt":{"rendered":"&#8220;O drone reapareceu intermitentemente no radar durante cerca de 12 minutos&#8220;, ap\u00f3s ataques a\u00e9reos russos perto da fronteira&hellip;\n","protected":false},"author":2,"featured_media":157534,"comment_status":"","ping_status":"","sticky":false,"template":"","format":"standard","meta":{"footnotes":""},"categories":[50],"tags":[27,28,837,15,16,889,14,25,26,21,22,62,3400,12,13,19,20,23,24,17690,17,18,29,30,31,63,64,65],"class_list":{"0":"post-157533","1":"post","2":"type-post","3":"status-publish","4":"format-standard","5":"has-post-thumbnail","7":"category-mundo","8":"tag-breaking-news","9":"tag-breakingnews","10":"tag-drones","11":"tag-featured-news","12":"tag-featurednews","13":"tag-guerra-na-ucrania","14":"tag-headlines","15":"tag-latest-news","16":"tag-latestnews","17":"tag-main-news","18":"tag-mainnews","19":"tag-mundo","20":"tag-nato","21":"tag-news","22":"tag-noticias","23":"tag-noticias-principais","24":"tag-noticiasprincipais","25":"tag-principais-noticias","26":"tag-principaisnoticias","27":"tag-romenia","28":"tag-top-stories","29":"tag-topstories","30":"tag-ultimas","31":"tag-ultimas-noticias","32":"tag-ultimasnoticias","33":"tag-world","34":"tag-world-news","35":"tag-worldnews"},"share_on_mastodon":{"url":"https:\/\/pubeurope.com\/@pt\/115576166527933712","error":""},"_links":{"self":[{"href":"https:\/\/www.europesays.com\/pt\/wp-json\/wp\/v2\/posts\/157533","targetHints":{"allow":["GET"]}}],"collection":[{"href":"https:\/\/www.europesays.com\/pt\/wp-json\/wp\/v2\/posts"}],"about":[{"href":"https:\/\/www.europesays.com\/pt\/wp-json\/wp\/v2\/types\/post"}],"author":[{"embeddable":true,"href":"https:\/\/www.europesays.com\/pt\/wp-json\/wp\/v2\/users\/2"}],"replies":[{"embeddable":true,"href":"https:\/\/www.europesays.com\/pt\/wp-json\/wp\/v2\/comments?post=157533"}],"version-history":[{"count":0,"href":"https:\/\/www.europesays.com\/pt\/wp-json\/wp\/v2\/posts\/157533\/revisions"}],"wp:featuredmedia":[{"embeddable":true,"href":"https:\/\/www.europesays.com\/pt\/wp-json\/wp\/v2\/media\/157534"}],"wp:attachment":[{"href":"https:\/\/www.europesays.com\/pt\/wp-json\/wp\/v2\/media?parent=157533"}],"wp:term":[{"taxonomy":"category","embeddable":true,"href":"https:\/\/www.europesays.com\/pt\/wp-json\/wp\/v2\/categories?post=157533"},{"taxonomy":"post_tag","embeddable":true,"href":"https:\/\/www.europesays.com\/pt\/wp-json\/wp\/v2\/tags?post=157533"}],"curies":[{"name":"wp","href":"https:\/\/api.w.org\/{rel}","templated":true}]}}