{"id":157537,"date":"2025-11-19T11:39:08","date_gmt":"2025-11-19T11:39:08","guid":{"rendered":"https:\/\/www.europesays.com\/pt\/157537\/"},"modified":"2025-11-19T11:39:08","modified_gmt":"2025-11-19T11:39:08","slug":"operacao-gamberria-pj-faz-novas-detencoes-em-rede-de-auxilio-a-imigracao-ilegal","status":"publish","type":"post","link":"https:\/\/www.europesays.com\/pt\/157537\/","title":{"rendered":"Opera\u00e7\u00e3o &#8220;Gamb\u00e9rria&#8221;. PJ faz novas deten\u00e7\u00f5es em rede de aux\u00edlio \u00e0 imigra\u00e7\u00e3o ilegal"},"content":{"rendered":"<p>&#13;<br \/>\n(em atualiza\u00e7\u00e3o)&#13;\n<\/p>\n<p>&#13;<br \/>\nA Pol\u00edcia Judici\u00e1ria, atrav\u00e9s da Diretoria do Centro, desenvolveu mais uma fase da opera\u00e7\u00e3o \u201cGamb\u00e9rria\u201d, na qual foram detidas duas mulheres. Trata-se de <b>funcion\u00e1rias administrativas de uma Unidade de Sa\u00fade Familiar (USF), respons\u00e1veis pela inscri\u00e7\u00e3o fraudulenta de milhares de imigrantes no Sistema Nacional de Sa\u00fade (SNS)<\/b>.&#13;\n<\/p>\n<p>A PJ explica, em comunicado,\u00a0que a &#8220;obten\u00e7\u00e3o do N\u00famero Nacional de Utente (NNU) representa a consolida\u00e7\u00e3o do processo de legaliza\u00e7\u00e3o em territ\u00f3rio nacional e a garantia de assist\u00eancia m\u00e9dica atrav\u00e9s do SNS&#8221;.<\/p>\n<p>Al\u00e9m de duas buscas domicili\u00e1rias foi ainda realizada busca \u00e0 Unidade de Sa\u00fade Familiar (USF), onde as duas suspeitas exerciam fun\u00e7\u00f5es. Em resultado destas dilig\u00eancias <b>foi apreendido &#8220;um enorme acervo de documenta\u00e7\u00e3o utilizada em processos de atribui\u00e7\u00e3o de forma indevida de n\u00fameros de utentes, que inequivocamente correlacionam as detidas, com a pr\u00e1tica, entre outros, dos crimes de corrup\u00e7\u00e3o passiva, associa\u00e7\u00e3o de aux\u00edlio \u00e0 imigra\u00e7\u00e3o ilegal e falsidade inform\u00e1tica&#8221;<\/b>.&#13;\n<\/p>\n<p>As mulheres tem 40 e 54 anos e foram &#8220;detidas em cumprimento de mandados de deten\u00e7\u00e3o emitidos pelo DIAP Regional de Coimbra, ser\u00e3o oportunamente presentes no Tribunal Central de Instru\u00e7\u00e3o Criminal (TCIC), tendo em vista a aplica\u00e7\u00e3o de medidas de coa\u00e7\u00e3o&#8221;.<\/p>\n<p>Recorde-se que no \u00e2mbito da Opera\u00e7\u00e3o \u201cGamb\u00e9rria\u201d, j\u00e1 foram detidas 16 pessoas e constitu\u00eddas arguidas outras 26, entre as quais sete empres\u00e1rios, uma advogada e uma funcion\u00e1ria da Dire\u00e7\u00e3o-Geral dos Assuntos Consulares e das Comunidades Portuguesas do Minist\u00e9rio dos Neg\u00f3cios Estrangeiros.&#13;\n<\/p>\n<p>&#13;<br \/>\nJ\u00e1 em outubro,\u00a0a Pol\u00edcia Judici\u00e1ria deteve mais um elemento de um grupo criminoso que se dedicava \u00e0 pr\u00e1tica reiterada, entre outros, de crimes aux\u00edlio \u00e0 imigra\u00e7\u00e3o ilegal, associa\u00e7\u00e3o de aux\u00edlio \u00e0 imigra\u00e7\u00e3o ilegal, corrup\u00e7\u00e3o, branqueamento de capitais e falsifica\u00e7\u00e3o de documentos, desmantelado no passado m\u00eas de maio, no \u00e2mbito da Opera\u00e7\u00e3o \u201cGamb\u00e9rria\u201d, e na qual foram detidas 13 pessoas, entre as quais sete empres\u00e1rios, uma advogada e uma funcion\u00e1ria da Dire\u00e7\u00e3o-Geral dos Assuntos Consulares e das Comunidades Portuguesas do Minist\u00e9rio dos Neg\u00f3cios Estrangeiros.&#13;<\/p>\n","protected":false},"excerpt":{"rendered":"&#13; (em atualiza\u00e7\u00e3o)&#13; &#13; A Pol\u00edcia Judici\u00e1ria, atrav\u00e9s da Diretoria do Centro, desenvolveu mais uma fase da opera\u00e7\u00e3o&hellip;\n","protected":false},"author":2,"featured_media":157538,"comment_status":"","ping_status":"","sticky":false,"template":"","format":"standard","meta":{"footnotes":""},"categories":[8],"tags":[27,28,15,16,14,25,26,21,22,12,13,19,20,32,23,24,33,420,421,17,18,29,30,31],"class_list":{"0":"post-157537","1":"post","2":"type-post","3":"status-publish","4":"format-standard","5":"has-post-thumbnail","7":"category-principais-noticias","8":"tag-breaking-news","9":"tag-breakingnews","10":"tag-featured-news","11":"tag-featurednews","12":"tag-headlines","13":"tag-latest-news","14":"tag-latestnews","15":"tag-main-news","16":"tag-mainnews","17":"tag-news","18":"tag-noticias","19":"tag-noticias-principais","20":"tag-noticiasprincipais","21":"tag-portugal","22":"tag-principais-noticias","23":"tag-principaisnoticias","24":"tag-pt","25":"tag-rtp","26":"tag-rtp-noticias","27":"tag-top-stories","28":"tag-topstories","29":"tag-ultimas","30":"tag-ultimas-noticias","31":"tag-ultimasnoticias"},"share_on_mastodon":{"url":"https:\/\/pubeurope.com\/@pt\/115576174330936800","error":""},"_links":{"self":[{"href":"https:\/\/www.europesays.com\/pt\/wp-json\/wp\/v2\/posts\/157537","targetHints":{"allow":["GET"]}}],"collection":[{"href":"https:\/\/www.europesays.com\/pt\/wp-json\/wp\/v2\/posts"}],"about":[{"href":"https:\/\/www.europesays.com\/pt\/wp-json\/wp\/v2\/types\/post"}],"author":[{"embeddable":true,"href":"https:\/\/www.europesays.com\/pt\/wp-json\/wp\/v2\/users\/2"}],"replies":[{"embeddable":true,"href":"https:\/\/www.europesays.com\/pt\/wp-json\/wp\/v2\/comments?post=157537"}],"version-history":[{"count":0,"href":"https:\/\/www.europesays.com\/pt\/wp-json\/wp\/v2\/posts\/157537\/revisions"}],"wp:featuredmedia":[{"embeddable":true,"href":"https:\/\/www.europesays.com\/pt\/wp-json\/wp\/v2\/media\/157538"}],"wp:attachment":[{"href":"https:\/\/www.europesays.com\/pt\/wp-json\/wp\/v2\/media?parent=157537"}],"wp:term":[{"taxonomy":"category","embeddable":true,"href":"https:\/\/www.europesays.com\/pt\/wp-json\/wp\/v2\/categories?post=157537"},{"taxonomy":"post_tag","embeddable":true,"href":"https:\/\/www.europesays.com\/pt\/wp-json\/wp\/v2\/tags?post=157537"}],"curies":[{"name":"wp","href":"https:\/\/api.w.org\/{rel}","templated":true}]}}