{"id":157541,"date":"2025-11-19T11:43:10","date_gmt":"2025-11-19T11:43:10","guid":{"rendered":"https:\/\/www.europesays.com\/pt\/157541\/"},"modified":"2025-11-19T11:43:10","modified_gmt":"2025-11-19T11:43:10","slug":"vem-ai-em-terra-forte-marcus-e-levado-pela-policia-novelas","status":"publish","type":"post","link":"https:\/\/www.europesays.com\/pt\/157541\/","title":{"rendered":"Vem a\u00ed em \u00abTerra Forte\u00bb: Marcus \u00e9 levado pela pol\u00edcia &#8211; Novelas"},"content":{"rendered":"<p>Em \u00abTerra Forte\u00bb, <a href=\"https:\/\/tvi.iol.pt\/novelas\/videos\/terra-forte-marcus-tem-um-novo-plano-para-destruir-maria-de-fatima-e-a-acoreana\/68fa5c1f0cf29d28d8298112\" rel=\"nofollow noopener\" target=\"_blank\">Marcus (Vitor Hugo)<\/a>\u00a0acaba por largar o objeto sob o apelo de <a href=\"https:\/\/tvi.iol.pt\/novelas\/videos\/terra-forte-no-dia-do-seu-aniversario-flor-recebe-uma-visita-inesperada\/68f65c7a0cf29d28d82976c8\" rel=\"nofollow noopener\" target=\"_blank\">Flor (Benedita Pereira)<\/a>. <a href=\"https:\/\/tvi.iol.pt\/novelas\/videos\/terra-forte-maria-de-fatima-e-manuel-tinham-um-caso\/68f65cdc0cf29d28d82976cb\" rel=\"nofollow noopener\" target=\"_blank\">Maria de F\u00e1tima (Rita Pereira)<\/a> agradece a Flor, apagando de seguida. <a href=\"https:\/\/tvi.iol.pt\/novelas\/videos\/terra-forte-sammy-fica-sem-chao-ao-descobrir-que-flor-e-a-mae-de-rosinha\/68f7b83e0cf29d28d8297a75\" rel=\"nofollow noopener\" target=\"_blank\">Sammy (Jos\u00e9 Fidalgo)<\/a>\u00a0injeta aflito a caneta de adrenalina em Maria de F\u00e1tima. Pol\u00edcias chegam para prender Marcus, que chora arrasado.\u00a0<\/p>\n<p>Todos ficam aliviados por Maria de F\u00e1tima recobrar os sentidos. Maria de F\u00e1tima grita de imediato para levarem Marcus dali, dizendo que ele a tentou matar. Marcus cobra a Flor de que ela lhe prometeu que n\u00e3o ia deixar que o levassem preso.<\/p>\n<p>Marcus \u00e9 levado pelos pol\u00edcias para a sa\u00edda, pedindo desculpa a <a href=\"https:\/\/tvi.iol.pt\/novelas\/videos\/maria-de-fatima-toma-decisao-sobre-vivi-esta-demitida\/68f8e7750cf285ab53a6b259\" rel=\"nofollow noopener\" target=\"_blank\">Vivi (Sofia Nicholson)<\/a>\u00a0e <a href=\"https:\/\/tvi.iol.pt\/novelas\/videos\/terra-forte-maria-de-fatima-ameaca-gloria\/68fa5c280cf29d28d8298113\" rel=\"nofollow noopener\" target=\"_blank\">Gl\u00f3ria (Maria Jo\u00e3o Pinho)<\/a>\u00a0pelo que fez. As mulheres perguntam aos pol\u00edcias o que lhe vai acontecer, mas estes d\u00e3o-lhes uma resposta torta.<\/p>\n<p>Relembre o momento que mudou a vida de Marcus:<\/p>\n","protected":false},"excerpt":{"rendered":"Em \u00abTerra Forte\u00bb, Marcus (Vitor Hugo)\u00a0acaba por largar o objeto sob o apelo de Flor (Benedita Pereira). Maria&hellip;\n","protected":false},"author":2,"featured_media":157542,"comment_status":"","ping_status":"","sticky":false,"template":"","format":"standard","meta":{"footnotes":""},"categories":[142],"tags":[160,7951,166,114,115,157,167,978,27915,16451,164,29765,8598,18616,161,158,165,159,32,33,156,5871,27917,3086,18614,163,151,162,6094,28302],"class_list":{"0":"post-157541","1":"post","2":"type-post","3":"status-publish","4":"format-standard","5":"has-post-thumbnail","7":"category-tv","8":"tag-ana-guiomar","9":"tag-benedita-pereira","10":"tag-cristina-ferreira","11":"tag-entertainment","12":"tag-entretenimento","13":"tag-festa-e-festa","14":"tag-ficcao","15":"tag-flor","16":"tag-francisca-salgado","17":"tag-gloria","18":"tag-jose-fidalgo","19":"tag-marcus","20":"tag-maria-de-fatima","21":"tag-maria-joao-pinho","22":"tag-novelas","23":"tag-para-sempre","24":"tag-pedro-sousa","25":"tag-pedro-teixeira","26":"tag-portugal","27":"tag-pt","28":"tag-queridos-papas","29":"tag-rita-pereira","30":"tag-rosinha","31":"tag-sofia-nicholson","32":"tag-terra-forte","33":"tag-tiago-teotonio-pereira","34":"tag-tv","35":"tag-tvi","36":"tag-vitor-hugo","37":"tag-vivi"},"share_on_mastodon":{"url":"https:\/\/pubeurope.com\/@pt\/115576190098503323","error":""},"_links":{"self":[{"href":"https:\/\/www.europesays.com\/pt\/wp-json\/wp\/v2\/posts\/157541","targetHints":{"allow":["GET"]}}],"collection":[{"href":"https:\/\/www.europesays.com\/pt\/wp-json\/wp\/v2\/posts"}],"about":[{"href":"https:\/\/www.europesays.com\/pt\/wp-json\/wp\/v2\/types\/post"}],"author":[{"embeddable":true,"href":"https:\/\/www.europesays.com\/pt\/wp-json\/wp\/v2\/users\/2"}],"replies":[{"embeddable":true,"href":"https:\/\/www.europesays.com\/pt\/wp-json\/wp\/v2\/comments?post=157541"}],"version-history":[{"count":0,"href":"https:\/\/www.europesays.com\/pt\/wp-json\/wp\/v2\/posts\/157541\/revisions"}],"wp:featuredmedia":[{"embeddable":true,"href":"https:\/\/www.europesays.com\/pt\/wp-json\/wp\/v2\/media\/157542"}],"wp:attachment":[{"href":"https:\/\/www.europesays.com\/pt\/wp-json\/wp\/v2\/media?parent=157541"}],"wp:term":[{"taxonomy":"category","embeddable":true,"href":"https:\/\/www.europesays.com\/pt\/wp-json\/wp\/v2\/categories?post=157541"},{"taxonomy":"post_tag","embeddable":true,"href":"https:\/\/www.europesays.com\/pt\/wp-json\/wp\/v2\/tags?post=157541"}],"curies":[{"name":"wp","href":"https:\/\/api.w.org\/{rel}","templated":true}]}}