{"id":157543,"date":"2025-11-19T11:44:18","date_gmt":"2025-11-19T11:44:18","guid":{"rendered":"https:\/\/www.europesays.com\/pt\/157543\/"},"modified":"2025-11-19T11:44:18","modified_gmt":"2025-11-19T11:44:18","slug":"difusora-fm-estreia-jornal-matinal-com-foco-em-informacao-e-prestacao-de-servicos-em-piracicaba-sp","status":"publish","type":"post","link":"https:\/\/www.europesays.com\/pt\/157543\/","title":{"rendered":"Difusora FM estreia jornal matinal com foco em informa\u00e7\u00e3o e presta\u00e7\u00e3o de servi\u00e7os em Piracicaba (SP)"},"content":{"rendered":"<p>A <strong>Difusora FM 102.3 de Piracicaba (SP)<\/strong> passa a contar com um novo projeto jornal\u00edstico em sua programa\u00e7\u00e3o. A partir da pr\u00f3xima segunda-feira (24), a emissora estreia o <strong>Bom Dia Difusora<\/strong>, programa matinal que ser\u00e1 transmitido de segunda a sexta-feira, das 7h \u00e0s 9h. O conte\u00fado contar\u00e1 com apresenta\u00e7\u00e3o de <strong>Ary Jones<\/strong> e <strong>Let\u00edcia Longo<\/strong>, al\u00e9m de reportagens assinadas por <strong>Danilo Telles<\/strong>.<\/p>\n<p>Com proposta de linguagem leve e din\u00e2mica, o novo jornal refor\u00e7a o compromisso da emissora com a informa\u00e7\u00e3o, abrangendo pautas de interesse <strong>local, regional, nacional e internacional<\/strong>. A atra\u00e7\u00e3o tamb\u00e9m visa ampliar o servi\u00e7o prestado \u00e0 comunidade piracicabana.<\/p>\n<p>\u201cO <strong>Bom Dia Difusora<\/strong> marca mais um passo importante no compromisso que temos com a informa\u00e7\u00e3o e com a popula\u00e7\u00e3o. Vamos fazer um jornalismo qualificado e conectado com a nossa audi\u00eancia\u201d, destacou <strong>Jorge Germano<\/strong>, diretor-presidente da r\u00e1dio.<\/p>\n<p>A nova faixa jornal\u00edstica ter\u00e1 <strong>transmiss\u00e3o multiplataforma<\/strong>, podendo ser acompanhada tanto pelo dial FM quanto pelo <a href=\"https:\/\/www.youtube.com\/@difusorapiracicaba1023fm\" target=\"_blank\" rel=\"nofollow noopener\"><strong>canal oficial da emissora no YouTube<\/strong><\/a>.\u00a0\u201cO r\u00e1dio permanece como a fonte mais confi\u00e1vel e acess\u00edvel para quem busca not\u00edcia de verdade. Vamos continuar informando com responsabilidade quem nos acompanha\u201d, afirmou <strong>Anderson Fran\u00e7a<\/strong>, gerente da <strong>Difusora FM<\/strong>.<\/p>\n<p style=\"text-align: center;\"><img decoding=\"async\" alt=\"\" src=\"https:\/\/www.europesays.com\/pt\/wp-content\/uploads\/2025\/11\/691cd9971c944.png\" style=\"height:400px; width:700px\" \/><\/p>\n<p>\n\t\t\t\tA reprodu\u00e7\u00e3o das not\u00edcias e das pautas \u00e9 autorizada desde que contenha a assinatura &#8216;tudoradio.com&#8217;<\/p>\n<p>&#13;<br \/>\n\t\t\t\tTags:&#13;<br \/>\n\t\t\t\tDifusora FM, Piracicaba, r\u00e1dio jornalismo, Bom Dia Difusora, Ary Jones, Let\u00edcia Longo, multiplataforma&#13;\n\t\t\t<\/p>\n","protected":false},"excerpt":{"rendered":"A Difusora FM 102.3 de Piracicaba (SP) passa a contar com um novo projeto jornal\u00edstico em sua programa\u00e7\u00e3o.&hellip;\n","protected":false},"author":2,"featured_media":157544,"comment_status":"","ping_status":"","sticky":false,"template":"","format":"standard","meta":{"footnotes":""},"categories":[141],"tags":[33777,33776,33774,114,115,33778,33779,149,150,33775,32,33,28214],"class_list":{"0":"post-157543","1":"post","2":"type-post","3":"status-publish","4":"format-standard","5":"has-post-thumbnail","7":"category-musica","8":"tag-ary-jones","9":"tag-bom-dia-difusora","10":"tag-difusora-fm","11":"tag-entertainment","12":"tag-entretenimento","13":"tag-leticia-longo","14":"tag-multiplataforma","15":"tag-music","16":"tag-musica","17":"tag-piracicaba","18":"tag-portugal","19":"tag-pt","20":"tag-radio-jornalismo"},"share_on_mastodon":{"url":"https:\/\/pubeurope.com\/@pt\/115576194322029035","error":""},"_links":{"self":[{"href":"https:\/\/www.europesays.com\/pt\/wp-json\/wp\/v2\/posts\/157543","targetHints":{"allow":["GET"]}}],"collection":[{"href":"https:\/\/www.europesays.com\/pt\/wp-json\/wp\/v2\/posts"}],"about":[{"href":"https:\/\/www.europesays.com\/pt\/wp-json\/wp\/v2\/types\/post"}],"author":[{"embeddable":true,"href":"https:\/\/www.europesays.com\/pt\/wp-json\/wp\/v2\/users\/2"}],"replies":[{"embeddable":true,"href":"https:\/\/www.europesays.com\/pt\/wp-json\/wp\/v2\/comments?post=157543"}],"version-history":[{"count":0,"href":"https:\/\/www.europesays.com\/pt\/wp-json\/wp\/v2\/posts\/157543\/revisions"}],"wp:featuredmedia":[{"embeddable":true,"href":"https:\/\/www.europesays.com\/pt\/wp-json\/wp\/v2\/media\/157544"}],"wp:attachment":[{"href":"https:\/\/www.europesays.com\/pt\/wp-json\/wp\/v2\/media?parent=157543"}],"wp:term":[{"taxonomy":"category","embeddable":true,"href":"https:\/\/www.europesays.com\/pt\/wp-json\/wp\/v2\/categories?post=157543"},{"taxonomy":"post_tag","embeddable":true,"href":"https:\/\/www.europesays.com\/pt\/wp-json\/wp\/v2\/tags?post=157543"}],"curies":[{"name":"wp","href":"https:\/\/api.w.org\/{rel}","templated":true}]}}