{"id":157545,"date":"2025-11-19T11:45:21","date_gmt":"2025-11-19T11:45:21","guid":{"rendered":"https:\/\/www.europesays.com\/pt\/157545\/"},"modified":"2025-11-19T11:45:21","modified_gmt":"2025-11-19T11:45:21","slug":"avatar-fogo-e-cinzas-nightwraith-voa-durante-jogo-da-nfl-veja","status":"publish","type":"post","link":"https:\/\/www.europesays.com\/pt\/157545\/","title":{"rendered":"Avatar: Fogo e Cinzas | Nightwraith voa durante jogo da NFL; veja"},"content":{"rendered":"<p>  <img decoding=\"async\" src=\"https:\/\/cdn.ome.lt\/static\/omelete\/img\/loading.svg\" alt=\"\"\/><\/p>\n<p>  <img decoding=\"async\" class=\"article__cover__image\" data-lazy-src-mob=\"\/\/cdn.ome.lt\/zXyliJgIOCNpolhHtA1klsh4bs4=\/570x0\/smart\/filters:format(webp)\/uploads\/conteudo\/fotos\/Avatar_Fire_and_Ash_Concept_Art_Brazil_D23_01.webp\" data-lazy-src=\"https:\/\/cdn.ome.lt\/E1jgUyd1K0W5_oCQjCnYWBnAi0g=\/987x0\/smart\/filters:format(webp)\/uploads\/conteudo\/fotos\/Avatar_Fire_and_Ash_Concept_Art_Brazil_D23_01.webp\" src=\"data:image\/png;base64,iVBORw0KGgoAAAANSUhEUgAAAAEAAAABCAQAAAC1HAwCAAAAC0lEQVR42mNkYAAAAAYAAjCB0C8AAAAASUVORK5CYII=\" alt=\"Avatar: Fogo e Cinzas\" title=\"Avatar: Fogo e Cinzas\" width=\"987\" height=\"555\" fetchpriority=\"high\"\/><\/p>\n<p class=\"article__cover__credits\">\n  Cr\u00e9ditos da imagem:<br \/>\n  Reprodu\u00e7\u00e3o\n<\/p>\n<p>Durante a partida entre\u00a0<strong>Dallas Cowboys\u00a0<\/strong>e\u00a0<strong>Las Vegas Raiders\u00a0<\/strong>na\u00a0<strong>NFL\u00a0<\/strong>na \u00faltima segunda-feira (17), a\u00a0<strong>Disney\u00a0<\/strong>aproveitou para fazer uma promo\u00e7\u00e3o de\u00a0<strong>Avatar: Fogo e Cinzas\u00a0<\/strong>para os f\u00e3s no est\u00e1dio.<\/p>\n<p>A empresa colocou o Nightwraith voando pelos seus do est\u00e1dio durante o intervalo do jogo, com o boneco representando a nova montaria que vai aparecer no longa, cruzando os c\u00e9us do est\u00e1dio.\u00a0<\/p>\n<p>            Continua depois da Publicidade<\/p>\n<p>O animal ser\u00e1 utilizado por Varang no longa como montaria.\u00a0<\/p>\n<p>    Tudo sobre Avatar: Fogo e Cinzas<\/p>\n<p>Avatar: Fogo e Cinzas\u00a0estreia em\u00a019 de dezembro de 2025. Um hiato de quatro anos vai separ\u00e1-lo de\u00a0Avatar 4, que chega aos cinemas em 21 de dezembro de 2029. \u00daltimo filme da saga previsto,\u00a0Avatar 5 tem data de lan\u00e7amento prevista para 19 de dezembro de 2031.<\/p>\n<p>            Continua depois da Publicidade<\/p>\n<p>Com isso, o \u00faltimo\u00a0Avatar sair\u00e1 22 anos depois do original em 2009, isso se as datas forem mantidas.<\/p>\n<p>\u00daltimo lan\u00e7amento da franquia,\u00a0Avatar: O Caminho da \u00c1gua\u00a0retomou a hist\u00f3ria de Jake Sully (Sam Worthington) e sua amada Neytiri (Zo\u00eb Salda\u00f1a) no planeta de Pandora.<\/p>\n<p data-gtm-vis-first-on-screen67967661_30=\"18812\" data-gtm-vis-has-fired67967661_30=\"1\" data-gtm-vis-recent-on-screen67967661_30=\"18812\" data-gtm-vis-total-visible-time67967661_30=\"100\">Muitos anos depois dos eventos do primeiro filme, os dois formaram uma fam\u00edlia e se veem na posi\u00e7\u00e3o de defender o planeta de uma nova invas\u00e3o humana.<\/p>\n","protected":false},"excerpt":{"rendered":"Cr\u00e9ditos da imagem: Reprodu\u00e7\u00e3o Durante a partida entre\u00a0Dallas Cowboys\u00a0e\u00a0Las Vegas Raiders\u00a0na\u00a0NFL\u00a0na \u00faltima segunda-feira (17), a\u00a0Disney\u00a0aproveitou para fazer uma&hellip;\n","protected":false},"author":2,"featured_media":157546,"comment_status":"","ping_status":"","sticky":false,"template":"","format":"standard","meta":{"footnotes":""},"categories":[140],"tags":[114,115,147,148,146,32,33],"class_list":{"0":"post-157545","1":"post","2":"type-post","3":"status-publish","4":"format-standard","5":"has-post-thumbnail","7":"category-filmes","8":"tag-entertainment","9":"tag-entretenimento","10":"tag-film","11":"tag-filmes","12":"tag-movies","13":"tag-portugal","14":"tag-pt"},"share_on_mastodon":{"url":"https:\/\/pubeurope.com\/@pt\/115576198097932455","error":""},"_links":{"self":[{"href":"https:\/\/www.europesays.com\/pt\/wp-json\/wp\/v2\/posts\/157545","targetHints":{"allow":["GET"]}}],"collection":[{"href":"https:\/\/www.europesays.com\/pt\/wp-json\/wp\/v2\/posts"}],"about":[{"href":"https:\/\/www.europesays.com\/pt\/wp-json\/wp\/v2\/types\/post"}],"author":[{"embeddable":true,"href":"https:\/\/www.europesays.com\/pt\/wp-json\/wp\/v2\/users\/2"}],"replies":[{"embeddable":true,"href":"https:\/\/www.europesays.com\/pt\/wp-json\/wp\/v2\/comments?post=157545"}],"version-history":[{"count":0,"href":"https:\/\/www.europesays.com\/pt\/wp-json\/wp\/v2\/posts\/157545\/revisions"}],"wp:featuredmedia":[{"embeddable":true,"href":"https:\/\/www.europesays.com\/pt\/wp-json\/wp\/v2\/media\/157546"}],"wp:attachment":[{"href":"https:\/\/www.europesays.com\/pt\/wp-json\/wp\/v2\/media?parent=157545"}],"wp:term":[{"taxonomy":"category","embeddable":true,"href":"https:\/\/www.europesays.com\/pt\/wp-json\/wp\/v2\/categories?post=157545"},{"taxonomy":"post_tag","embeddable":true,"href":"https:\/\/www.europesays.com\/pt\/wp-json\/wp\/v2\/tags?post=157545"}],"curies":[{"name":"wp","href":"https:\/\/api.w.org\/{rel}","templated":true}]}}