{"id":15755,"date":"2025-08-04T15:53:08","date_gmt":"2025-08-04T15:53:08","guid":{"rendered":"https:\/\/www.europesays.com\/pt\/15755\/"},"modified":"2025-08-04T15:53:08","modified_gmt":"2025-08-04T15:53:08","slug":"multa-de-transito-a-caminho-veja-se-ja-esta-na-plataforma","status":"publish","type":"post","link":"https:\/\/www.europesays.com\/pt\/15755\/","title":{"rendered":"Multa de tr\u00e2nsito a caminho? Veja se j\u00e1 est\u00e1 na plataforma"},"content":{"rendered":"<p>Ia a circular com o seu ve\u00edculo e apercebeu-se que aparentemente passou a mais velocidade que a permitida numa zona que tinha um radar? Mantenha a calma, pois j\u00e1 n\u00e3o h\u00e1 nada a fazer e caso seja multado \u00e9 s\u00f3 esperar pela multa. H\u00e1 um site onde pode ir espreitando se tem algum processo.<\/p>\n<p><a target=\"_blank\" href=\"https:\/\/pplware.sapo.pt\/wp-content\/uploads\/2024\/08\/radar_01.jpg\" onclick=\"refreshIframe()\" class=\"foobox\" rel=\"nofollow noopener\"><img fetchpriority=\"high\" decoding=\"async\" src=\"https:\/\/www.europesays.com\/pt\/wp-content\/uploads\/2025\/08\/radar_01-720x405.jpg\" alt=\"Est\u00e1 preocupado para saber se vai chegar uma carta da multa?\" width=\"720\" height=\"405\" class=\"aligncenter wp-image-1009952 size-medium\"  \/><\/a><\/p>\n<p>O Balc\u00e3o do Condutor \u00e9 uma plataforma online disponibilizada pelo Instituto da Mobilidade e dos Transportes (IMT) em Portugal. \u00c9 especialmente \u00fatil para condutores, permitindo o acesso a v\u00e1rios servi\u00e7os e informa\u00e7\u00f5es relacionadas com a carta de condu\u00e7\u00e3o e infra\u00e7\u00f5es.<\/p>\n<p>Uma contraordena\u00e7\u00e3o rodovi\u00e1ria \u00e9 uma infra\u00e7\u00e3o ao C\u00f3digo da Estrada, classificando-se em tr\u00eas tipos: leve, grave e muito grave. No Balc\u00e3o do Condutor pode\u00a0consultar o hist\u00f3rico de contraordena\u00e7\u00f5es rodovi\u00e1rias.<\/p>\n<p>O que \u00e9 o Balc\u00e3o do Condutor?<\/p>\n<p>\u00c9 uma plataforma onde pode:<\/p>\n<ul>\n<li>Ver os pontos da carta de condu\u00e7\u00e3o;<\/li>\n<li>Consultar infra\u00e7\u00f5es e coimas<\/li>\n<li>Verificar a validade da carta;<\/li>\n<li>Atualizar dados pessoais;<\/li>\n<li>Pedir 2\u00aa via da carta de condu\u00e7\u00e3o;<\/li>\n<li>Consultar o hist\u00f3rico de contraordena\u00e7\u00f5es;<\/li>\n<li>Aceder a informa\u00e7\u00f5es sobre forma\u00e7\u00e3o e renova\u00e7\u00f5es.<\/li>\n<\/ul>\n<p><a target=\"_blank\" href=\"https:\/\/pplware.sapo.pt\/wp-content\/uploads\/2025\/08\/Balca\u0303o-do-condutor-Homepage.png\" onclick=\"refreshIframe()\" class=\"foobox\" rel=\"nofollow noopener\"><img loading=\"lazy\" decoding=\"async\" src=\"https:\/\/www.europesays.com\/pt\/wp-content\/uploads\/2025\/08\/Balca\u0303o-do-condutor-Homepage-720x553.png\" alt=\"Est\u00e1 preocupado para saber se vai chegar uma carta da multa?\" width=\"720\" height=\"553\" class=\"aligncenter wp-image-1071527 size-medium\"  \/><\/a><\/p>\n<p>Pode aceder atrav\u00e9s do site oficial do IMTonline ou diretamente pelo portal <a target=\"_blank\" href=\"https:\/\/condutor.digital.gov.pt\/dashboard\" rel=\"nofollow noopener\">https:\/\/balcaodocondutor.imt-ip.pt<\/a>. \u00c9 necess\u00e1rio autenticar-se com: Chave M\u00f3vel Digital, ou Cart\u00e3o de Cidad\u00e3o + leitor, ou NIF e senha das Finan\u00e7as (em alguns casos, via Autentica\u00e7\u00e3o.gov).<\/p>\n<p>Em conclus\u00e3o, o Balc\u00e3o do Condutor \u00e9 uma ferramenta digital pr\u00e1tica e centralizada que facilita a gest\u00e3o de tudo o que diz respeito \u00e0 sua carta de condu\u00e7\u00e3o em Portugal. Atrav\u00e9s desta plataforma, pode consultar os pontos da carta, verificar infra\u00e7\u00f5es, renovar documentos e aceder a outros servi\u00e7os de forma c\u00f3moda e segura, sem necessidade de se deslocar fisicamente ao IMT.<\/p>\n","protected":false},"excerpt":{"rendered":"Ia a circular com o seu ve\u00edculo e apercebeu-se que aparentemente passou a mais velocidade que a permitida&hellip;\n","protected":false},"author":2,"featured_media":15756,"comment_status":"","ping_status":"","sticky":false,"template":"","format":"standard","meta":{"footnotes":""},"categories":[8],"tags":[27,28,15,16,14,25,26,21,22,6203,12,13,19,20,32,23,24,33,17,18,29,30,31],"class_list":{"0":"post-15755","1":"post","2":"type-post","3":"status-publish","4":"format-standard","5":"has-post-thumbnail","7":"category-principais-noticias","8":"tag-breaking-news","9":"tag-breakingnews","10":"tag-featured-news","11":"tag-featurednews","12":"tag-headlines","13":"tag-latest-news","14":"tag-latestnews","15":"tag-main-news","16":"tag-mainnews","17":"tag-multa","18":"tag-news","19":"tag-noticias","20":"tag-noticias-principais","21":"tag-noticiasprincipais","22":"tag-portugal","23":"tag-principais-noticias","24":"tag-principaisnoticias","25":"tag-pt","26":"tag-top-stories","27":"tag-topstories","28":"tag-ultimas","29":"tag-ultimas-noticias","30":"tag-ultimasnoticias"},"share_on_mastodon":{"url":"","error":""},"_links":{"self":[{"href":"https:\/\/www.europesays.com\/pt\/wp-json\/wp\/v2\/posts\/15755","targetHints":{"allow":["GET"]}}],"collection":[{"href":"https:\/\/www.europesays.com\/pt\/wp-json\/wp\/v2\/posts"}],"about":[{"href":"https:\/\/www.europesays.com\/pt\/wp-json\/wp\/v2\/types\/post"}],"author":[{"embeddable":true,"href":"https:\/\/www.europesays.com\/pt\/wp-json\/wp\/v2\/users\/2"}],"replies":[{"embeddable":true,"href":"https:\/\/www.europesays.com\/pt\/wp-json\/wp\/v2\/comments?post=15755"}],"version-history":[{"count":0,"href":"https:\/\/www.europesays.com\/pt\/wp-json\/wp\/v2\/posts\/15755\/revisions"}],"wp:featuredmedia":[{"embeddable":true,"href":"https:\/\/www.europesays.com\/pt\/wp-json\/wp\/v2\/media\/15756"}],"wp:attachment":[{"href":"https:\/\/www.europesays.com\/pt\/wp-json\/wp\/v2\/media?parent=15755"}],"wp:term":[{"taxonomy":"category","embeddable":true,"href":"https:\/\/www.europesays.com\/pt\/wp-json\/wp\/v2\/categories?post=15755"},{"taxonomy":"post_tag","embeddable":true,"href":"https:\/\/www.europesays.com\/pt\/wp-json\/wp\/v2\/tags?post=15755"}],"curies":[{"name":"wp","href":"https:\/\/api.w.org\/{rel}","templated":true}]}}