{"id":157552,"date":"2025-11-19T11:52:09","date_gmt":"2025-11-19T11:52:09","guid":{"rendered":"https:\/\/www.europesays.com\/pt\/157552\/"},"modified":"2025-11-19T11:52:09","modified_gmt":"2025-11-19T11:52:09","slug":"ministro-da-defesa-italiano-diz-que-europa-esta-debaixo-de-ataque-russo-o-tempo-de-agir-e-agora","status":"publish","type":"post","link":"https:\/\/www.europesays.com\/pt\/157552\/","title":{"rendered":"Ministro da Defesa italiano diz que Europa est\u00e1 debaixo de ataque russo. \u201cO tempo de agir \u00e9 agora\u201d"},"content":{"rendered":"<p><b>Acompanhe toda a atualidade informativa em\u00a0<\/b><a href=\"http:\/\/24noticias.sapo.pt\/\" rel=\"nofollow noopener\" target=\"_blank\"><b>24noticias.sapo.pt<\/b><\/a><\/p>\n<p id=\"s-p-embed-691\" data-start=\"1749\" data-end=\"2232\" data-is-last-node=\"\" data-is-only-node=\"\">No seu relat\u00f3rio de 125 p\u00e1ginas, Countering Hybrid Warfare: An Active Strategy, publicado a 18 de novembro, Guido Crosetto denuncia a \u201cin\u00e9rcia\u201d do Ocidente face a ataques cada vez mais ousados e potencialmente catastr\u00f3ficos. Segundo o ministro, estas a\u00e7\u00f5es afetam infraestruturas cr\u00edticas, centros de decis\u00e3o, servi\u00e7os essenciais e o pr\u00f3prio tecido social dos pa\u00edses, com riscos di\u00e1rios de danos graves.<\/p>\n<p>Entre os exemplos citados, o jornal <a href=\"https:\/\/www.politico.eu\/article\/italy-defense-minister-guido-crosetto-russia-hybrid-war\/\" rel=\"nofollow noopener\" target=\"_blank\">Politico<\/a> diz que Guido Crosetto menciona ataques de ciberespionagem por grupos ligados ao servi\u00e7o militar russo a empresas de defesa, transporte e tecnologia que apoiam a Ucr\u00e2nia; inc\u00eandios em dep\u00f3sitos de equipamento destinado \u00e0 Ucr\u00e2nia na Pol\u00f3nia; o uso de migrantes pela Bielorussia para desestabilizar a Pol\u00f3nia; drones de origem desconhecida a sobrevoar aeroportos europeus; e tentativas de influenciar elei\u00e7\u00f5es, como na Rom\u00e9nia. Entre janeiro e julho de 2025, o think tank Globsec contabilizou mais de 110 atos de sabotagem e ataques em pa\u00edses como Pol\u00f3nia e Fran\u00e7a ligados \u00e0 R\u00fassia.<\/p>\n<p>Guido Crosetto critica a lentid\u00e3o da resposta do Ocidente, limitada por processos democr\u00e1ticos, consensos da UE e da NATO, e alerta que a R\u00fassia est\u00e1 a explorar esta assimetria para \u201cvencer por atrito\u201d. O relat\u00f3rio sublinha ainda que outros pa\u00edses, como China, Ir\u00e3o e Coreia do Norte, representam amea\u00e7as semelhantes atrav\u00e9s de desinforma\u00e7\u00e3o e manipula\u00e7\u00e3o da opini\u00e3o p\u00fablica, que afetam a confian\u00e7a, a resili\u00eancia e a estabilidade pol\u00edtica dos estados.<\/p>\n<p>Para responder a esta amea\u00e7a, Guido Crosetto prop\u00f5e a cria\u00e7\u00e3o de um Centro Europeu de Combate \u00e0 Guerra H\u00edbrida, equipado com uma for\u00e7a cibern\u00e9tica de 1.500 elementos, e unidades militares especializadas em intelig\u00eancia artificial, prote\u00e7\u00e3o de cadeias de abastecimento e combate \u00e0 desinforma\u00e7\u00e3o. O ministro apela a uma rea\u00e7\u00e3o imediata e coordenada, considerando que a guerra h\u00edbrida \u00e9 cont\u00ednua e que \u201cas bombas h\u00edbridas continuam a cair diariamente\u201d, pelo que \u201co tempo de agir \u00e9 agora\u201d.<\/p>\n","protected":false},"excerpt":{"rendered":"Acompanhe toda a atualidade informativa em\u00a024noticias.sapo.pt No seu relat\u00f3rio de 125 p\u00e1ginas, Countering Hybrid Warfare: An Active Strategy,&hellip;\n","protected":false},"author":2,"featured_media":157553,"comment_status":"","ping_status":"","sticky":false,"template":"","format":"standard","meta":{"footnotes":""},"categories":[50],"tags":[27,28,15,16,14,25,26,21,22,62,12,13,19,20,23,24,17,18,29,30,31,63,64,65],"class_list":{"0":"post-157552","1":"post","2":"type-post","3":"status-publish","4":"format-standard","5":"has-post-thumbnail","7":"category-mundo","8":"tag-breaking-news","9":"tag-breakingnews","10":"tag-featured-news","11":"tag-featurednews","12":"tag-headlines","13":"tag-latest-news","14":"tag-latestnews","15":"tag-main-news","16":"tag-mainnews","17":"tag-mundo","18":"tag-news","19":"tag-noticias","20":"tag-noticias-principais","21":"tag-noticiasprincipais","22":"tag-principais-noticias","23":"tag-principaisnoticias","24":"tag-top-stories","25":"tag-topstories","26":"tag-ultimas","27":"tag-ultimas-noticias","28":"tag-ultimasnoticias","29":"tag-world","30":"tag-world-news","31":"tag-worldnews"},"share_on_mastodon":{"url":"https:\/\/pubeurope.com\/@pt\/115576225608620019","error":""},"_links":{"self":[{"href":"https:\/\/www.europesays.com\/pt\/wp-json\/wp\/v2\/posts\/157552","targetHints":{"allow":["GET"]}}],"collection":[{"href":"https:\/\/www.europesays.com\/pt\/wp-json\/wp\/v2\/posts"}],"about":[{"href":"https:\/\/www.europesays.com\/pt\/wp-json\/wp\/v2\/types\/post"}],"author":[{"embeddable":true,"href":"https:\/\/www.europesays.com\/pt\/wp-json\/wp\/v2\/users\/2"}],"replies":[{"embeddable":true,"href":"https:\/\/www.europesays.com\/pt\/wp-json\/wp\/v2\/comments?post=157552"}],"version-history":[{"count":0,"href":"https:\/\/www.europesays.com\/pt\/wp-json\/wp\/v2\/posts\/157552\/revisions"}],"wp:featuredmedia":[{"embeddable":true,"href":"https:\/\/www.europesays.com\/pt\/wp-json\/wp\/v2\/media\/157553"}],"wp:attachment":[{"href":"https:\/\/www.europesays.com\/pt\/wp-json\/wp\/v2\/media?parent=157552"}],"wp:term":[{"taxonomy":"category","embeddable":true,"href":"https:\/\/www.europesays.com\/pt\/wp-json\/wp\/v2\/categories?post=157552"},{"taxonomy":"post_tag","embeddable":true,"href":"https:\/\/www.europesays.com\/pt\/wp-json\/wp\/v2\/tags?post=157552"}],"curies":[{"name":"wp","href":"https:\/\/api.w.org\/{rel}","templated":true}]}}