{"id":157554,"date":"2025-11-19T11:53:25","date_gmt":"2025-11-19T11:53:25","guid":{"rendered":"https:\/\/www.europesays.com\/pt\/157554\/"},"modified":"2025-11-19T11:53:25","modified_gmt":"2025-11-19T11:53:25","slug":"cinco-detidos-e-armas-apreendidas-pela-psp-em-tres-bairros-de-lisboa","status":"publish","type":"post","link":"https:\/\/www.europesays.com\/pt\/157554\/","title":{"rendered":"Cinco detidos e armas apreendidas pela PSP em tr\u00eas bairros de Lisboa"},"content":{"rendered":"<p data-remotead-prev-elm=\"true\" data-remotead-elm-id=\"inread\">&#8220;Esta opera\u00e7\u00e3o foi motivada pelas diversas ocorr\u00eancias com utiliza\u00e7\u00e3o de armas verificadas naqueles locais&#8221;, adiantou a PSP em comunicado.<\/p>\n<p>Cerca das 8.30 horas, tinham sido &#8220;detidos cinco homens, entre os 20 e os 40 anos&#8221;, &#8220;alguns com antecedentes criminais&#8221;, informou o comiss\u00e1rio da PSP Tiago Costa aos jornalistas no local.<\/p>\n<p>Foram tamb\u00e9m &#8220;apreendidas quatro ca\u00e7adeiras e uma pistola&#8221;, al\u00e9m de &#8220;armas brancas, v\u00e1rias muni\u00e7\u00f5es e droga&#8221;.<\/p>\n<p data-remotead-prev-elm=\"true\" data-remotead-elm-id=\"centro1\"><img decoding=\"async\" class=\"ngx-body\" guid=\"3db89872-5d7c-47e3-b102-56a4936f71ef\" src=\"https:\/\/www.europesays.com\/pt\/wp-content\/uploads\/2025\/11\/image.webp\" width=\"100%\"\/><br \/>Foto: Ant\u00f3nio Cotrim\/ Lusa<\/p>\n<p><img decoding=\"async\" class=\"ngx-body\" guid=\"d5561d6e-6e32-4b0a-9223-d5a1c3a393af\" src=\"https:\/\/www.europesays.com\/pt\/wp-content\/uploads\/2025\/11\/1763553202_880_image.webp\" width=\"100%\"\/><br \/>Foto: Ant\u00f3nio Cotrim\/ Lusa<\/p>\n<p><img decoding=\"async\" class=\"ngx-body\" guid=\"f376adf1-876b-4cb8-b4e5-eeceea17ac2e\" src=\"https:\/\/www.europesays.com\/pt\/wp-content\/uploads\/2025\/11\/1763553204_196_image.webp\" width=\"100%\"\/><br \/>Foto: Ant\u00f3nio Cotrim\/ Lusa<\/p>\n<p data-remotead-prev-elm=\"true\" data-remotead-elm-id=\"centro2\"><img decoding=\"async\" class=\"ngx-body\" guid=\"902e295b-b5c9-4f96-8487-c9e1033e3335\" src=\"https:\/\/www.europesays.com\/pt\/wp-content\/uploads\/2025\/11\/1763553205_757_image.webp\" width=\"100%\"\/><br \/>Foto: Ant\u00f3nio Cotrim\/ Lusa<\/p>\n<p>Segundo a PSP, a opera\u00e7\u00e3o teve in\u00edcio \u00e0s 7 horas e ir\u00e1 continuar a decorrer nas pr\u00f3ximas horas, pelo que o acesso a estas locais se encontra fortemente condicionado.<\/p>\n<p>A opera\u00e7\u00e3o envolve cerca de cem elementos das val\u00eancias de investiga\u00e7\u00e3o criminal, equipas de ordem p\u00fablica e ainda a Unidade Especial de Pol\u00edcia.<\/p>\n","protected":false},"excerpt":{"rendered":"&#8220;Esta opera\u00e7\u00e3o foi motivada pelas diversas ocorr\u00eancias com utiliza\u00e7\u00e3o de armas verificadas naqueles locais&#8221;, adiantou a PSP em&hellip;\n","protected":false},"author":2,"featured_media":157555,"comment_status":"","ping_status":"","sticky":false,"template":"","format":"standard","meta":{"footnotes":""},"categories":[10],"tags":[4125,27,28,8752,15,16,14,603,25,26,21,22,12,13,19,20,32,23,24,1306,33,17,18,29,30,31],"class_list":{"0":"post-157554","1":"post","2":"type-post","3":"status-publish","4":"format-standard","5":"has-post-thumbnail","7":"category-portugal","8":"tag-armas-de-fogo","9":"tag-breaking-news","10":"tag-breakingnews","11":"tag-criminalidade","12":"tag-featured-news","13":"tag-featurednews","14":"tag-headlines","15":"tag-justica","16":"tag-latest-news","17":"tag-latestnews","18":"tag-main-news","19":"tag-mainnews","20":"tag-news","21":"tag-noticias","22":"tag-noticias-principais","23":"tag-noticiasprincipais","24":"tag-portugal","25":"tag-principais-noticias","26":"tag-principaisnoticias","27":"tag-psp","28":"tag-pt","29":"tag-top-stories","30":"tag-topstories","31":"tag-ultimas","32":"tag-ultimas-noticias","33":"tag-ultimasnoticias"},"share_on_mastodon":{"url":"https:\/\/pubeurope.com\/@pt\/115576229619026496","error":""},"_links":{"self":[{"href":"https:\/\/www.europesays.com\/pt\/wp-json\/wp\/v2\/posts\/157554","targetHints":{"allow":["GET"]}}],"collection":[{"href":"https:\/\/www.europesays.com\/pt\/wp-json\/wp\/v2\/posts"}],"about":[{"href":"https:\/\/www.europesays.com\/pt\/wp-json\/wp\/v2\/types\/post"}],"author":[{"embeddable":true,"href":"https:\/\/www.europesays.com\/pt\/wp-json\/wp\/v2\/users\/2"}],"replies":[{"embeddable":true,"href":"https:\/\/www.europesays.com\/pt\/wp-json\/wp\/v2\/comments?post=157554"}],"version-history":[{"count":0,"href":"https:\/\/www.europesays.com\/pt\/wp-json\/wp\/v2\/posts\/157554\/revisions"}],"wp:featuredmedia":[{"embeddable":true,"href":"https:\/\/www.europesays.com\/pt\/wp-json\/wp\/v2\/media\/157555"}],"wp:attachment":[{"href":"https:\/\/www.europesays.com\/pt\/wp-json\/wp\/v2\/media?parent=157554"}],"wp:term":[{"taxonomy":"category","embeddable":true,"href":"https:\/\/www.europesays.com\/pt\/wp-json\/wp\/v2\/categories?post=157554"},{"taxonomy":"post_tag","embeddable":true,"href":"https:\/\/www.europesays.com\/pt\/wp-json\/wp\/v2\/tags?post=157554"}],"curies":[{"name":"wp","href":"https:\/\/api.w.org\/{rel}","templated":true}]}}