{"id":157556,"date":"2025-11-19T11:54:10","date_gmt":"2025-11-19T11:54:10","guid":{"rendered":"https:\/\/www.europesays.com\/pt\/157556\/"},"modified":"2025-11-19T11:54:10","modified_gmt":"2025-11-19T11:54:10","slug":"cristiano-ronaldo-recebido-por-donald-trump-na-casa-branca-2","status":"publish","type":"post","link":"https:\/\/www.europesays.com\/pt\/157556\/","title":{"rendered":"Cristiano Ronaldo recebido por Donald Trump na Casa Branca"},"content":{"rendered":"<p>&#13;<br \/>\nO jantar teve in\u00edcio por volta das 19:30 horas locais (00:30 em Lisboa), no mesmo dia em que o chefe de Estado norte-americano recebeu o pr\u00edncipe herdeiro da Ar\u00e1bia Saudita, Mohammad bin Salman, tamb\u00e9m presidente do fundo de investimento maiorit\u00e1rio do Al Nassr, clube pelo qual Ronaldo atua.&#13;\n<\/p>\n<p>&#13;<br \/>\nUma presen\u00e7a ao qual Trump diz ser uma das pessoas de que o filho admira, mas que o presidente dos Estados Unidos n\u00e3o consegue identificar no meio de tantos convidados para o jantar da comitiva do pr\u00edncipe saudita.\u00a0\u00a0&#13;\n<\/p>\n<p>          <img decoding=\"async\" itemprop=\"image\" class=\"img-fluid\"   src=\"https:\/\/www.europesays.com\/pt\/wp-content\/uploads\/2025\/11\/2ec73055ff135bffa59d94e0a55d74fc_N.jpg\"\/><\/p>\n<p>\nA presen\u00e7a do capit\u00e3o da sele\u00e7\u00e3o portuguesa de futebol na Casa Branca ocorre dois dias depois de a equipa lusa ter garantido a qualifica\u00e7\u00e3o para o Campeonato do Mundo de 2026, que ter\u00e1 organiza\u00e7\u00e3o tripartida dos Estados Unidos com M\u00e9xico e Canad\u00e1, entre 11 de junho e 19 de julho.<br \/>\nO jogador j\u00e1 havia manifestado interesse em encontrar-se com Trump numa entrevista recente ao jornalista brit\u00e2nico Piers Morgan, divulgada em 06 de novembro: &#8220;\u00c9 uma das pessoas que quero conhecer, gostava de ter uma boa conversa com ele. \u00c9 algu\u00e9m de quem gosto mesmo porque \u00e9 uma das pessoas que consegue fazer as coisas acontecer&#8221;.<br \/>\nEm junho, \u00e0 margem da cimeira do G7, o presidente do Conselho Europeu, Ant\u00f3nio Costa, ofereceu ao republicano uma camisola da sele\u00e7\u00e3o portuguesa, assinada por Ronaldo com a dedicat\u00f3ria &#8220;Para o presidente Donald Trump, jogando pela paz&#8221;.<\/p>\n<p>Ronaldo n\u00e3o participa em jogos nos Estados Unidos desde agosto de 2014, quando alinhou num encontro particular pelo Real Madrid frente ao seu anterior clube, Manchester United, n\u00e3o tendo viajado novamente para solo norte-americano nas digress\u00f5es do emblema &#8216;merengue&#8217; e da Juventus.<\/p>\n<p>Desde a sua chegada \u00e0 Ar\u00e1bia Saudita, em 2023, tem assumido um papel de promo\u00e7\u00e3o do pa\u00eds e o encontro com o Presidente norte-americano coincide com a primeira visita de Mohammad bin Salman a Washington em sete anos.<\/p>\n<p>O pr\u00edncipe herdeiro do reino do M\u00e9dio Oriente procura a obten\u00e7\u00e3o de garantias formais por parte de Trump quanto \u00e0 prote\u00e7\u00e3o militar norte-americana, al\u00e9m das aquisi\u00e7\u00f5es militares, ap\u00f3s este ter confirmado, na segunda-feira, a venda dos tecnologicamente avan\u00e7ados ca\u00e7as F35.<\/p>\n<p>O l\u00edder saudita anunciou hoje um aumento dos investimentos do seu pa\u00eds nos Estados Unidos para quase mil milh\u00f5es de d\u00f3lares (mais de 860 mil milh\u00f5es de euros), refor\u00e7ando o investimento j\u00e1 previsto de cerca de 600 mil milh\u00f5es de d\u00f3lares (518 mil milh\u00f5es de euros) em setores como a tecnologia e a intelig\u00eancia artificial.<\/p>\n<p><b>Cristiano Ronaldo junta-se ao maratonista Carlos Lopes, em 1984, e ao basquetebolista Neemias Queta, em 2024, entre os desportistas portugueses a visitar oficialmente a Casa Branca.<\/b><\/p>\n<p>Carlos Lopes foi recebido por Ronald Reagan ap\u00f3s vencer a medalha de ouro nos Jogos Ol\u00edmpicos Los Angeles1984, acompanhado pelo ent\u00e3o presidente do Sporting Jo\u00e3o Rocha.<\/p>\n<p>Mais recentemente, Neemias Queta fez parte da equipa dos Boston Celtics que foi homenageada por Donald Trump, logo ap\u00f3s ter vencido a Liga norte-americana de basquetebol (NBA).<br \/>&#13;\n            <\/p>\n","protected":false},"excerpt":{"rendered":"&#13; O jantar teve in\u00edcio por volta das 19:30 horas locais (00:30 em Lisboa), no mesmo dia em&hellip;\n","protected":false},"author":2,"featured_media":157557,"comment_status":"","ping_status":"","sticky":false,"template":"","format":"standard","meta":{"footnotes":""},"categories":[8],"tags":[27,28,15,16,14,25,26,21,22,12,13,19,20,32,23,24,33,420,421,17,18,29,30,31],"class_list":{"0":"post-157556","1":"post","2":"type-post","3":"status-publish","4":"format-standard","5":"has-post-thumbnail","7":"category-principais-noticias","8":"tag-breaking-news","9":"tag-breakingnews","10":"tag-featured-news","11":"tag-featurednews","12":"tag-headlines","13":"tag-latest-news","14":"tag-latestnews","15":"tag-main-news","16":"tag-mainnews","17":"tag-news","18":"tag-noticias","19":"tag-noticias-principais","20":"tag-noticiasprincipais","21":"tag-portugal","22":"tag-principais-noticias","23":"tag-principaisnoticias","24":"tag-pt","25":"tag-rtp","26":"tag-rtp-noticias","27":"tag-top-stories","28":"tag-topstories","29":"tag-ultimas","30":"tag-ultimas-noticias","31":"tag-ultimasnoticias"},"share_on_mastodon":{"url":"https:\/\/pubeurope.com\/@pt\/115576233413939945","error":""},"_links":{"self":[{"href":"https:\/\/www.europesays.com\/pt\/wp-json\/wp\/v2\/posts\/157556","targetHints":{"allow":["GET"]}}],"collection":[{"href":"https:\/\/www.europesays.com\/pt\/wp-json\/wp\/v2\/posts"}],"about":[{"href":"https:\/\/www.europesays.com\/pt\/wp-json\/wp\/v2\/types\/post"}],"author":[{"embeddable":true,"href":"https:\/\/www.europesays.com\/pt\/wp-json\/wp\/v2\/users\/2"}],"replies":[{"embeddable":true,"href":"https:\/\/www.europesays.com\/pt\/wp-json\/wp\/v2\/comments?post=157556"}],"version-history":[{"count":0,"href":"https:\/\/www.europesays.com\/pt\/wp-json\/wp\/v2\/posts\/157556\/revisions"}],"wp:featuredmedia":[{"embeddable":true,"href":"https:\/\/www.europesays.com\/pt\/wp-json\/wp\/v2\/media\/157557"}],"wp:attachment":[{"href":"https:\/\/www.europesays.com\/pt\/wp-json\/wp\/v2\/media?parent=157556"}],"wp:term":[{"taxonomy":"category","embeddable":true,"href":"https:\/\/www.europesays.com\/pt\/wp-json\/wp\/v2\/categories?post=157556"},{"taxonomy":"post_tag","embeddable":true,"href":"https:\/\/www.europesays.com\/pt\/wp-json\/wp\/v2\/tags?post=157556"}],"curies":[{"name":"wp","href":"https:\/\/api.w.org\/{rel}","templated":true}]}}